{"id":2740,"date":"2021-06-25T18:26:30","date_gmt":"2021-06-25T18:26:30","guid":{"rendered":"https:\/\/menuiserie-louisjallet.fr\/index.php\/2021\/06\/25\/article-test-copy-2-copy-copy\/"},"modified":"2021-06-29T17:54:35","modified_gmt":"2021-06-29T17:54:35","slug":"criteres-choix-portail","status":"publish","type":"post","link":"https:\/\/menuiserie-louisjallet.fr\/index.php\/2021\/06\/25\/criteres-choix-portail\/","title":{"rendered":"Les crit\u00e8res de choix pour votre portail"},"content":{"rendered":"\t\t<div data-elementor-type=\"wp-post\" data-elementor-id=\"2740\" class=\"elementor elementor-2740\">\n\t\t\t\t\t\t<section class=\"elementor-section elementor-top-section elementor-element elementor-element-8eee77f elementor-section-boxed elementor-section-height-default elementor-section-height-default\" data-id=\"8eee77f\" data-element_type=\"section\">\n\t\t\t\t\t\t<div class=\"elementor-container elementor-column-gap-default\">\n\t\t\t\t\t<div class=\"elementor-column elementor-col-100 elementor-top-column elementor-element elementor-element-9876241\" data-id=\"9876241\" data-element_type=\"column\">\n\t\t\t<div class=\"elementor-widget-wrap elementor-element-populated\">\n\t\t\t\t\t\t<div class=\"elementor-element elementor-element-07c5438 elementor-widget__width-inherit elementor-widget-divider--view-line elementor-widget elementor-widget-divider\" data-id=\"07c5438\" data-element_type=\"widget\" data-widget_type=\"divider.default\">\n\t\t\t\t<div class=\"elementor-widget-container\">\n\t\t\t\t\t<div class=\"elementor-divider\">\n\t\t\t<span class=\"elementor-divider-separator\">\n\t\t\t\t\t\t<\/span>\n\t\t<\/div>\n\t\t\t\t<\/div>\n\t\t\t\t<\/div>\n\t\t\t\t\t<\/div>\n\t\t<\/div>\n\t\t\t\t\t<\/div>\n\t\t<\/section>\n\t\t\t\t<section class=\"elementor-section elementor-top-section elementor-element elementor-element-b4adfae elementor-section-boxed elementor-section-height-default elementor-section-height-default\" data-id=\"b4adfae\" data-element_type=\"section\">\n\t\t\t\t\t\t<div class=\"elementor-container elementor-column-gap-default\">\n\t\t\t\t\t<div class=\"elementor-column elementor-col-100 elementor-top-column elementor-element elementor-element-cda3c6b\" data-id=\"cda3c6b\" data-element_type=\"column\">\n\t\t\t<div class=\"elementor-widget-wrap elementor-element-populated\">\n\t\t\t\t\t\t<div class=\"elementor-element elementor-element-b9f409c elementor-widget elementor-widget-heading\" data-id=\"b9f409c\" data-element_type=\"widget\" data-widget_type=\"heading.default\">\n\t\t\t\t<div class=\"elementor-widget-container\">\n\t\t\t<h1 class=\"elementor-heading-title elementor-size-default\">Les crit\u00e8res de choix pour votre portail<\/h1>\t\t<\/div>\n\t\t\t\t<\/div>\n\t\t\t\t\t<\/div>\n\t\t<\/div>\n\t\t\t\t\t<\/div>\n\t\t<\/section>\n\t\t\t\t<section class=\"elementor-section elementor-top-section elementor-element elementor-element-36942f2 elementor-section-boxed elementor-section-height-default elementor-section-height-default\" data-id=\"36942f2\" data-element_type=\"section\">\n\t\t\t\t\t\t<div class=\"elementor-container elementor-column-gap-default\">\n\t\t\t\t\t<div class=\"elementor-column elementor-col-100 elementor-top-column elementor-element elementor-element-f8cb286\" data-id=\"f8cb286\" data-element_type=\"column\">\n\t\t\t<div class=\"elementor-widget-wrap elementor-element-populated\">\n\t\t\t\t\t\t<div class=\"elementor-element elementor-element-82d09ea elementor-widget elementor-widget-text-editor\" data-id=\"82d09ea\" data-element_type=\"widget\" data-widget_type=\"text-editor.default\">\n\t\t\t\t<div class=\"elementor-widget-container\">\n\t\t\t\t\t\t\t<p><b>Le portail est la touche finale de votre habitation, et doit s\u2019int\u00e9grer parfaitement \u00e0 votre b\u00e2tisse. Il prot\u00e8ge votre maison de toute intrusion, et repr\u00e9sente une vraie s\u00e9curit\u00e9 pour vos enfants ou vos animaux domestiques. Il se doit \u00e9galement d\u2019\u00eatre r\u00e9sistant aux intemp\u00e9ries, et c\u2019est pourquoi il est n\u00e9cessaire de bien le choisir. Nous vous donnons dans cet article quelques informations cl\u00e9s pour vous aider \u00e0 le choisir, et concevons pour vous un portail sur-mesure qui correspondra \u00e0 vos attentes.<\/b><\/p>\t\t\t\t\t\t<\/div>\n\t\t\t\t<\/div>\n\t\t\t\t\t<\/div>\n\t\t<\/div>\n\t\t\t\t\t<\/div>\n\t\t<\/section>\n\t\t\t\t<section class=\"elementor-section elementor-top-section elementor-element elementor-element-c9242e3 elementor-section-boxed elementor-section-height-default elementor-section-height-default\" data-id=\"c9242e3\" data-element_type=\"section\">\n\t\t\t\t\t\t<div class=\"elementor-container elementor-column-gap-default\">\n\t\t\t\t\t<div class=\"elementor-column elementor-col-100 elementor-top-column elementor-element elementor-element-f3b3644\" data-id=\"f3b3644\" data-element_type=\"column\">\n\t\t\t<div class=\"elementor-widget-wrap elementor-element-populated\">\n\t\t\t\t\t\t<div class=\"elementor-element elementor-element-3fe9bc2 elementor-widget elementor-widget-heading\" data-id=\"3fe9bc2\" data-element_type=\"widget\" data-widget_type=\"heading.default\">\n\t\t\t\t<div class=\"elementor-widget-container\">\n\t\t\t<h2 class=\"elementor-heading-title elementor-size-default\">Choisir le mat\u00e9riau de votre portail<\/h2>\t\t<\/div>\n\t\t\t\t<\/div>\n\t\t\t\t<div class=\"elementor-element elementor-element-4b826a1 elementor-widget elementor-widget-heading\" data-id=\"4b826a1\" data-element_type=\"widget\" data-widget_type=\"heading.default\">\n\t\t\t\t<div class=\"elementor-widget-container\">\n\t\t\t<h3 class=\"elementor-heading-title elementor-size-default\">Le bois<\/h3>\t\t<\/div>\n\t\t\t\t<\/div>\n\t\t\t\t<div class=\"elementor-element elementor-element-72bff69 elementor-widget elementor-widget-text-editor\" data-id=\"72bff69\" data-element_type=\"widget\" data-widget_type=\"text-editor.default\">\n\t\t\t\t<div class=\"elementor-widget-container\">\n\t\t\t\t\t\t\t<p>Le bois donne au portail une vraie allure en associant <b>la noblesse et l\u2019authenticit\u00e9<\/b>. Il apporte \u00e9galement un c\u00f4t\u00e9 <b>chaleureux et naturel<\/b> souvent recherch\u00e9 car il s\u2019int\u00e8gre parfaitement dans de nombreux contextes. Il est \u00e9galement un mat\u00e9riau tr\u00e8s <b>robuste<\/b>, trait\u00e9 pour avoir une r\u00e9sistance incomparable face aux intemp\u00e9ries, aux changements climatiques et \u00e0 l\u2019humidit\u00e9. Le portail en bois a l\u2019avantage d\u2019\u00eatre <b>personnalisable<\/b> avec tous les styles possibles (formes et couleurs). Enfin, il est l\u2019option la plus <b>\u00e9cologique<\/b>.<\/p>\t\t\t\t\t\t<\/div>\n\t\t\t\t<\/div>\n\t\t\t\t<div class=\"elementor-element elementor-element-e9d9e46 elementor-widget elementor-widget-heading\" data-id=\"e9d9e46\" data-element_type=\"widget\" data-widget_type=\"heading.default\">\n\t\t\t\t<div class=\"elementor-widget-container\">\n\t\t\t<h3 class=\"elementor-heading-title elementor-size-default\">Le PVC<\/h3>\t\t<\/div>\n\t\t\t\t<\/div>\n\t\t\t\t<div class=\"elementor-element elementor-element-b821fec elementor-widget elementor-widget-text-editor\" data-id=\"b821fec\" data-element_type=\"widget\" data-widget_type=\"text-editor.default\">\n\t\t\t\t<div class=\"elementor-widget-container\">\n\t\t\t\t\t\t\t<p>Le PVC pr\u00e9sente de r\u00e9els avantages pour un portail. Il est tout d\u2019abord <b>facile d\u2019entretien<\/b> : \u00e9tanche, il ne pourrit pas, ne s\u2019oxyde pas et se raye peu. Il ne n\u00e9cessite aucun traitement particulier, ni enduit de protection, ce qui permet de <b>diminuer davantage son co\u00fbt<\/b>. Le PVC est un mat\u00e9riau qui <b>r\u00e9siste aux chocs<\/b>, mais aussi aux UV. Il est tr\u00e8s souvent fabriqu\u00e9 avec une structure de soutien (un cadre en aluminium ou en inox), lui permettant d\u2019\u00eatre plus r\u00e9sistant.<\/p>\t\t\t\t\t\t<\/div>\n\t\t\t\t<\/div>\n\t\t\t\t<div class=\"elementor-element elementor-element-7339b9c elementor-widget elementor-widget-heading\" data-id=\"7339b9c\" data-element_type=\"widget\" data-widget_type=\"heading.default\">\n\t\t\t\t<div class=\"elementor-widget-container\">\n\t\t\t<h3 class=\"elementor-heading-title elementor-size-default\">L\u2019aluminium<\/h3>\t\t<\/div>\n\t\t\t\t<\/div>\n\t\t\t\t<div class=\"elementor-element elementor-element-a00a599 elementor-widget elementor-widget-text-editor\" data-id=\"a00a599\" data-element_type=\"widget\" data-widget_type=\"text-editor.default\">\n\t\t\t\t<div class=\"elementor-widget-container\">\n\t\t\t\t\t\t\t<p>Mat\u00e9riau tr\u00e8s <b>\u00e9l\u00e9gant<\/b>, l\u2019aluminium mettra en valeur votre habitat gr\u00e2ce au large choix de coloris<span class=\"Apple-converted-space\">\u00a0 <\/span>et options dans lesquelles il peut se d\u00e9cliner (teintes, formes, d\u00e9tails de finition). Il est souvent privil\u00e9gi\u00e9 par des personnes qui recherchent un <b>design contemporain et haut de gamme<\/b>. Bien qu\u2019il soit <b>tr\u00e8s l\u00e9ger<\/b>, un portail en aluminium sera plus solide qu\u2019un portail en PVC. \u00c0 la diff\u00e9rence du PVC, le portail aluminium ne se d\u00e9formera pas avec les variations de temp\u00e9rature, et ne craindra ni le soleil ni la d\u00e9coloration. Contrairement aux portails en acier et en fer qui peuvent rouiller, le portail en aluminium n\u2019est <b>pas sensible \u00e0 la corrosion<\/b>. Ainsi, la pluie, le vent et le temps n\u2019ont pas d\u2019emprise sur lui. Enfin, l\u2019avantage de l\u2019aluminium est sa <b>facilit\u00e9 d\u2019entretien <\/b>(un nettoyage au savon occasionnellement).<\/p>\t\t\t\t\t\t<\/div>\n\t\t\t\t<\/div>\n\t\t\t\t<div class=\"elementor-element elementor-element-1e60d3e elementor-widget elementor-widget-heading\" data-id=\"1e60d3e\" data-element_type=\"widget\" data-widget_type=\"heading.default\">\n\t\t\t\t<div class=\"elementor-widget-container\">\n\t\t\t<h2 class=\"elementor-heading-title elementor-size-default\">Choisir la forme et le type de remplissage de votre portail<\/h2>\t\t<\/div>\n\t\t\t\t<\/div>\n\t\t\t\t<div class=\"elementor-element elementor-element-fb0e54d elementor-widget elementor-widget-heading\" data-id=\"fb0e54d\" data-element_type=\"widget\" data-widget_type=\"heading.default\">\n\t\t\t\t<div class=\"elementor-widget-container\">\n\t\t\t<h3 class=\"elementor-heading-title elementor-size-default\">Quelle forme ?<\/h3>\t\t<\/div>\n\t\t\t\t<\/div>\n\t\t\t\t<div class=\"elementor-element elementor-element-d810888 elementor-widget elementor-widget-text-editor\" data-id=\"d810888\" data-element_type=\"widget\" data-widget_type=\"text-editor.default\">\n\t\t\t\t<div class=\"elementor-widget-container\">\n\t\t\t\t\t\t\t<p>En fonction de vos go\u00fbts et de l\u2019harmonie de votre habitation, vous pouvez opter pour des formes diff\u00e9rentes, selon les mod\u00e8les ci-dessous :<\/p>\t\t\t\t\t\t<\/div>\n\t\t\t\t<\/div>\n\t\t\t\t<div class=\"elementor-element elementor-element-48a1194 elementor-widget elementor-widget-image\" data-id=\"48a1194\" data-element_type=\"widget\" data-widget_type=\"image.default\">\n\t\t\t\t<div class=\"elementor-widget-container\">\n\t\t\t\t\t\t\t\t\t\t<figure class=\"wp-caption\">\n\t\t\t\t\t\t\t\t\t\t<img fetchpriority=\"high\" decoding=\"async\" width=\"768\" height=\"453\" src=\"https:\/\/menuiserie-louisjallet.fr\/wp-content\/uploads\/2021\/06\/Formes-de-portails-768x453.png\" class=\"attachment-medium_large size-medium_large wp-image-2757\" alt=\"Les formes de portails\" srcset=\"https:\/\/menuiserie-louisjallet.fr\/wp-content\/uploads\/2021\/06\/Formes-de-portails-768x453.png 768w, https:\/\/menuiserie-louisjallet.fr\/wp-content\/uploads\/2021\/06\/Formes-de-portails-300x177.png 300w, https:\/\/menuiserie-louisjallet.fr\/wp-content\/uploads\/2021\/06\/Formes-de-portails-1024x605.png 1024w, https:\/\/menuiserie-louisjallet.fr\/wp-content\/uploads\/2021\/06\/Formes-de-portails-1536x907.png 1536w, https:\/\/menuiserie-louisjallet.fr\/wp-content\/uploads\/2021\/06\/Formes-de-portails.png 1990w\" sizes=\"(max-width: 768px) 100vw, 768px\" \/>\t\t\t\t\t\t\t\t\t\t\t<figcaption class=\"widget-image-caption wp-caption-text\">Les formes de portails<\/figcaption>\n\t\t\t\t\t\t\t\t\t\t<\/figure>\n\t\t\t\t\t\t\t<\/div>\n\t\t\t\t<\/div>\n\t\t\t\t<div class=\"elementor-element elementor-element-c3d9819 elementor-widget elementor-widget-heading\" data-id=\"c3d9819\" data-element_type=\"widget\" data-widget_type=\"heading.default\">\n\t\t\t\t<div class=\"elementor-widget-container\">\n\t\t\t<h3 class=\"elementor-heading-title elementor-size-default\">Quel type de remplissage ?<\/h3>\t\t<\/div>\n\t\t\t\t<\/div>\n\t\t\t\t<div class=\"elementor-element elementor-element-2875dbd elementor-widget elementor-widget-text-editor\" data-id=\"2875dbd\" data-element_type=\"widget\" data-widget_type=\"text-editor.default\">\n\t\t\t\t<div class=\"elementor-widget-container\">\n\t\t\t\t\t\t\t<p>Avec un <b>portail plein<\/b>, vous pouvez s\u00e9curiser votre entr\u00e9e et pr\u00e9server votre intimit\u00e9, notamment si vous r\u00e9sidez en ville ou dans une rue passante.<\/p><p>Le <b>portail ajour\u00e9<\/b> est en revanche moins intimiste mais il convient parfaitement pour les endroits calmes, et les habitations situ\u00e9es en zones rurales. Il a l\u2019avantage de laisser passer naturellement la lumi\u00e8re et de permettre une plus grande ouverture sur l\u2019ext\u00e9rieur.<\/p>\t\t\t\t\t\t<\/div>\n\t\t\t\t<\/div>\n\t\t\t\t<div class=\"elementor-element elementor-element-b2c3d63 elementor-widget elementor-widget-image\" data-id=\"b2c3d63\" data-element_type=\"widget\" data-widget_type=\"image.default\">\n\t\t\t\t<div class=\"elementor-widget-container\">\n\t\t\t\t\t\t\t\t\t\t<figure class=\"wp-caption\">\n\t\t\t\t\t\t\t\t\t\t<img decoding=\"async\" width=\"768\" height=\"387\" src=\"https:\/\/menuiserie-louisjallet.fr\/wp-content\/uploads\/2021\/06\/Portails-plein-et-ajoure-\u00a9NOVOLET-768x387.png\" class=\"attachment-medium_large size-medium_large wp-image-2770\" alt=\"\" srcset=\"https:\/\/menuiserie-louisjallet.fr\/wp-content\/uploads\/2021\/06\/Portails-plein-et-ajoure-\u00a9NOVOLET-768x387.png 768w, https:\/\/menuiserie-louisjallet.fr\/wp-content\/uploads\/2021\/06\/Portails-plein-et-ajoure-\u00a9NOVOLET-300x151.png 300w, https:\/\/menuiserie-louisjallet.fr\/wp-content\/uploads\/2021\/06\/Portails-plein-et-ajoure-\u00a9NOVOLET-1024x517.png 1024w, https:\/\/menuiserie-louisjallet.fr\/wp-content\/uploads\/2021\/06\/Portails-plein-et-ajoure-\u00a9NOVOLET-1536x775.png 1536w, https:\/\/menuiserie-louisjallet.fr\/wp-content\/uploads\/2021\/06\/Portails-plein-et-ajoure-\u00a9NOVOLET.png 2000w\" sizes=\"(max-width: 768px) 100vw, 768px\" \/>\t\t\t\t\t\t\t\t\t\t\t<figcaption class=\"widget-image-caption wp-caption-text\">Portails plein et ajour\u00e9 \u00a9NOVOLET<\/figcaption>\n\t\t\t\t\t\t\t\t\t\t<\/figure>\n\t\t\t\t\t\t\t<\/div>\n\t\t\t\t<\/div>\n\t\t\t\t\t<\/div>\n\t\t<\/div>\n\t\t\t\t\t<\/div>\n\t\t<\/section>\n\t\t\t\t<section class=\"elementor-section elementor-top-section elementor-element elementor-element-b3ebd48 elementor-section-boxed elementor-section-height-default elementor-section-height-default\" data-id=\"b3ebd48\" data-element_type=\"section\">\n\t\t\t\t\t\t<div class=\"elementor-container elementor-column-gap-default\">\n\t\t\t\t\t<div class=\"elementor-column elementor-col-100 elementor-top-column elementor-element elementor-element-ac64f0e\" data-id=\"ac64f0e\" data-element_type=\"column\">\n\t\t\t<div class=\"elementor-widget-wrap elementor-element-populated\">\n\t\t\t\t\t\t<div class=\"elementor-element elementor-element-c27b0d2 elementor-widget elementor-widget-heading\" data-id=\"c27b0d2\" data-element_type=\"widget\" data-widget_type=\"heading.default\">\n\t\t\t\t<div class=\"elementor-widget-container\">\n\t\t\t<h2 class=\"elementor-heading-title elementor-size-default\">Choisir le syst\u00e8me d\u2019ouverture du portail<\/h2>\t\t<\/div>\n\t\t\t\t<\/div>\n\t\t\t\t<section class=\"elementor-section elementor-inner-section elementor-element elementor-element-ee69ca1 elementor-section-boxed elementor-section-height-default elementor-section-height-default\" data-id=\"ee69ca1\" data-element_type=\"section\">\n\t\t\t\t\t\t<div class=\"elementor-container elementor-column-gap-default\">\n\t\t\t\t\t<div class=\"elementor-column elementor-col-50 elementor-inner-column elementor-element elementor-element-a78346d\" data-id=\"a78346d\" data-element_type=\"column\">\n\t\t\t<div class=\"elementor-widget-wrap elementor-element-populated\">\n\t\t\t\t\t\t<div class=\"elementor-element elementor-element-b5600e6 elementor-widget elementor-widget-heading\" data-id=\"b5600e6\" data-element_type=\"widget\" data-widget_type=\"heading.default\">\n\t\t\t\t<div class=\"elementor-widget-container\">\n\t\t\t<h3 class=\"elementor-heading-title elementor-size-default\">Le portail battant<\/h3>\t\t<\/div>\n\t\t\t\t<\/div>\n\t\t\t\t<div class=\"elementor-element elementor-element-3fa6420 elementor-widget elementor-widget-text-editor\" data-id=\"3fa6420\" data-element_type=\"widget\" data-widget_type=\"text-editor.default\">\n\t\t\t\t<div class=\"elementor-widget-container\">\n\t\t\t\t\t\t\t<p>Qu\u2019il soit traditionnel, ou plus moderne, le <b>portail battant<\/b> va s\u2019ouvrir vers l\u2019int\u00e9rieur (ou dans de tr\u00e8s rares cas vers l\u2019ext\u00e9rieur). Ce type de portail n\u00e9cessite donc de disposer de suffisamment d\u2019espace pour pouvoir l\u2019ouvrir, devant et derri\u00e8re.<\/p>\t\t\t\t\t\t<\/div>\n\t\t\t\t<\/div>\n\t\t\t\t\t<\/div>\n\t\t<\/div>\n\t\t\t\t<div class=\"elementor-column elementor-col-50 elementor-inner-column elementor-element elementor-element-30f8301\" data-id=\"30f8301\" data-element_type=\"column\">\n\t\t\t<div class=\"elementor-widget-wrap elementor-element-populated\">\n\t\t\t\t\t\t<div class=\"elementor-element elementor-element-49eeccb elementor-widget elementor-widget-heading\" data-id=\"49eeccb\" data-element_type=\"widget\" data-widget_type=\"heading.default\">\n\t\t\t\t<div class=\"elementor-widget-container\">\n\t\t\t<h3 class=\"elementor-heading-title elementor-size-default\">Le portail coulissant<\/h3>\t\t<\/div>\n\t\t\t\t<\/div>\n\t\t\t\t<div class=\"elementor-element elementor-element-57ca2ca elementor-widget elementor-widget-text-editor\" data-id=\"57ca2ca\" data-element_type=\"widget\" data-widget_type=\"text-editor.default\">\n\t\t\t\t<div class=\"elementor-widget-container\">\n\t\t\t\t\t\t\t<p>Il est possible d\u2019opter pour un <b>portail coulissant<\/b>, dans plusieurs cas de figures : votre terrain est en pente (et vous ne pouvez par cons\u00e9quent pas opter pour un portail battant), vous ne disposez pas d\u2019un espace suffisant derri\u00e8re votre portail, ou vous souhaitez simplement un mod\u00e8le esth\u00e9tique, moderne et design. Ce syst\u00e8me d\u2019ouverture n\u00e9cessite en revanche un espace lat\u00e9ral suffisant sur l\u2019un et\/ou les deux c\u00f4t\u00e9s de votre portail.<\/p>\t\t\t\t\t\t<\/div>\n\t\t\t\t<\/div>\n\t\t\t\t\t<\/div>\n\t\t<\/div>\n\t\t\t\t\t<\/div>\n\t\t<\/section>\n\t\t\t\t<div class=\"elementor-element elementor-element-9ba69a9 elementor-widget elementor-widget-heading\" data-id=\"9ba69a9\" data-element_type=\"widget\" data-widget_type=\"heading.default\">\n\t\t\t\t<div class=\"elementor-widget-container\">\n\t\t\t<h2 class=\"elementor-heading-title elementor-size-default\">Adapter le portail \u00e0 sa b\u00e2tisse<\/h2>\t\t<\/div>\n\t\t\t\t<\/div>\n\t\t\t\t<section class=\"elementor-section elementor-inner-section elementor-element elementor-element-1c26d3c elementor-section-boxed elementor-section-height-default elementor-section-height-default\" data-id=\"1c26d3c\" data-element_type=\"section\">\n\t\t\t\t\t\t<div class=\"elementor-container elementor-column-gap-default\">\n\t\t\t\t\t<div class=\"elementor-column elementor-col-50 elementor-inner-column elementor-element elementor-element-97792f8\" data-id=\"97792f8\" data-element_type=\"column\">\n\t\t\t<div class=\"elementor-widget-wrap elementor-element-populated\">\n\t\t\t\t\t\t<div class=\"elementor-element elementor-element-688ed96 elementor-widget elementor-widget-image\" data-id=\"688ed96\" data-element_type=\"widget\" data-widget_type=\"image.default\">\n\t\t\t\t<div class=\"elementor-widget-container\">\n\t\t\t\t\t\t\t\t\t\t<figure class=\"wp-caption\">\n\t\t\t\t\t\t\t\t\t\t<img decoding=\"async\" width=\"768\" height=\"550\" src=\"https:\/\/menuiserie-louisjallet.fr\/wp-content\/uploads\/2021\/06\/Portail-et-portillon-assortis-\u00a9Louis-Jallet-768x550.png\" class=\"attachment-medium_large size-medium_large wp-image-2771\" alt=\"Portail et portillon assortis \u00a9Louis Jallet\" srcset=\"https:\/\/menuiserie-louisjallet.fr\/wp-content\/uploads\/2021\/06\/Portail-et-portillon-assortis-\u00a9Louis-Jallet-768x550.png 768w, https:\/\/menuiserie-louisjallet.fr\/wp-content\/uploads\/2021\/06\/Portail-et-portillon-assortis-\u00a9Louis-Jallet-300x215.png 300w, https:\/\/menuiserie-louisjallet.fr\/wp-content\/uploads\/2021\/06\/Portail-et-portillon-assortis-\u00a9Louis-Jallet-1024x733.png 1024w, https:\/\/menuiserie-louisjallet.fr\/wp-content\/uploads\/2021\/06\/Portail-et-portillon-assortis-\u00a9Louis-Jallet-1536x1100.png 1536w, https:\/\/menuiserie-louisjallet.fr\/wp-content\/uploads\/2021\/06\/Portail-et-portillon-assortis-\u00a9Louis-Jallet.png 1901w\" sizes=\"(max-width: 768px) 100vw, 768px\" \/>\t\t\t\t\t\t\t\t\t\t\t<figcaption class=\"widget-image-caption wp-caption-text\">Portail et portillon assortis \u00a9Louis Jallet<\/figcaption>\n\t\t\t\t\t\t\t\t\t\t<\/figure>\n\t\t\t\t\t\t\t<\/div>\n\t\t\t\t<\/div>\n\t\t\t\t\t<\/div>\n\t\t<\/div>\n\t\t\t\t<div class=\"elementor-column elementor-col-50 elementor-inner-column elementor-element elementor-element-02ed6ad\" data-id=\"02ed6ad\" data-element_type=\"column\">\n\t\t\t<div class=\"elementor-widget-wrap elementor-element-populated\">\n\t\t\t\t\t\t<div class=\"elementor-element elementor-element-c65c516 elementor-widget elementor-widget-heading\" data-id=\"c65c516\" data-element_type=\"widget\" data-widget_type=\"heading.default\">\n\t\t\t\t<div class=\"elementor-widget-container\">\n\t\t\t<h3 class=\"elementor-heading-title elementor-size-default\">Opter pour un portail et un portillon assortis<\/h3>\t\t<\/div>\n\t\t\t\t<\/div>\n\t\t\t\t<div class=\"elementor-element elementor-element-9e6873f elementor-widget elementor-widget-text-editor\" data-id=\"9e6873f\" data-element_type=\"widget\" data-widget_type=\"text-editor.default\">\n\t\t\t\t<div class=\"elementor-widget-container\">\n\t\t\t\t\t\t\t<p>Si vous le souhaitez, et que vous avez l\u2019espace n\u00e9cessaire, vous pouvez choisir d\u2019int\u00e9grer \u00e0 votre entr\u00e9e <b>un portillon, assorti \u00e0 votre portail<\/b>. Ils sont tous les deux les premiers \u00e9l\u00e9ments visibles de votre maison et il est donc pr\u00e9f\u00e9rable de les accorder. Si votre portail est davantage destin\u00e9 \u00e0 d\u00e9limiter les espaces et pr\u00e9server votre tranquillit\u00e9, le portillon vous permettra d\u2019embellir votre entr\u00e9e et de cr\u00e9er une zone d\u2019acc\u00e8s pour les pi\u00e9tons. Il vous offrira un passage sur l\u2019ext\u00e9rieur sans avoir \u00e0 ouvrir votre portail. Nous pouvons vous proposer des mod\u00e8les et d\u00e9clinaisons <b>en accord avec l\u2019esth\u00e9tique de votre portail<\/b>, et ainsi apporter un duo qui s\u2019int\u00e8grera parfaitement \u00e0 la fa\u00e7ade ou cl\u00f4ture de votre maison.<\/p>\t\t\t\t\t\t<\/div>\n\t\t\t\t<\/div>\n\t\t\t\t\t<\/div>\n\t\t<\/div>\n\t\t\t\t\t<\/div>\n\t\t<\/section>\n\t\t\t\t<section class=\"elementor-section elementor-inner-section elementor-element elementor-element-ca30dcc elementor-section-boxed elementor-section-height-default elementor-section-height-default\" data-id=\"ca30dcc\" data-element_type=\"section\">\n\t\t\t\t\t\t<div class=\"elementor-container elementor-column-gap-default\">\n\t\t\t\t\t<div class=\"elementor-column elementor-col-50 elementor-inner-column elementor-element elementor-element-f384262\" data-id=\"f384262\" data-element_type=\"column\">\n\t\t\t<div class=\"elementor-widget-wrap elementor-element-populated\">\n\t\t\t\t\t\t<div class=\"elementor-element elementor-element-0a1a845 elementor-widget elementor-widget-heading\" data-id=\"0a1a845\" data-element_type=\"widget\" data-widget_type=\"heading.default\">\n\t\t\t\t<div class=\"elementor-widget-container\">\n\t\t\t<h3 class=\"elementor-heading-title elementor-size-default\">La sp\u00e9cificit\u00e9 des porches Charentais<\/h3>\t\t<\/div>\n\t\t\t\t<\/div>\n\t\t\t\t<div class=\"elementor-element elementor-element-f0d1849 elementor-widget elementor-widget-text-editor\" data-id=\"f0d1849\" data-element_type=\"widget\" data-widget_type=\"text-editor.default\">\n\t\t\t\t<div class=\"elementor-widget-container\">\n\t\t\t\t\t\t\t<p>Les <b>portails (ou porches) Charentais<\/b> sont une caract\u00e9ristique des demeures locales et contribuent \u00e0 apporter un charme ind\u00e9niable \u00e0 beaucoup d\u2019entre elles. Ils se composent g\u00e9n\u00e9ralement d\u2019une porte charreti\u00e8re \u00e0 deux vantaux, encadr\u00e9e ou non par une ou deux portes pi\u00e9tonnes. Les portails les plus anciens de ce style datent du XVII\u00e8me si\u00e8cle et sont souvent couronn\u00e9s de merlons de fantaisie. Ils sont, pour la plupart, des porches d\u2019entr\u00e9e p\u00e9n\u00e9trant l\u2019enceinte de propri\u00e9t\u00e9s agricoles, ou ont \u00e9t\u00e9 construits dans le but d\u2019\u00eatre purement d\u00e9coratifs. Nous vous proposons des <b>portails Charentais qui reprennent les codes de notre patrimoine<\/b>, et concevons des produits sur-mesure pour r\u00e9pondre au mieux \u00e0 vos attentes.<\/p>\t\t\t\t\t\t<\/div>\n\t\t\t\t<\/div>\n\t\t\t\t\t<\/div>\n\t\t<\/div>\n\t\t\t\t<div class=\"elementor-column elementor-col-50 elementor-inner-column elementor-element elementor-element-e2c7436\" data-id=\"e2c7436\" data-element_type=\"column\">\n\t\t\t<div class=\"elementor-widget-wrap elementor-element-populated\">\n\t\t\t\t\t\t<div class=\"elementor-element elementor-element-644aa73 elementor-widget elementor-widget-image\" data-id=\"644aa73\" data-element_type=\"widget\" data-widget_type=\"image.default\">\n\t\t\t\t<div class=\"elementor-widget-container\">\n\t\t\t\t\t\t\t\t\t\t<figure class=\"wp-caption\">\n\t\t\t\t\t\t\t\t\t\t<img loading=\"lazy\" decoding=\"async\" width=\"215\" height=\"300\" src=\"https:\/\/menuiserie-louisjallet.fr\/wp-content\/uploads\/2021\/06\/Portail-Charentais-\u00a9Louis-Jallet-215x300.png\" class=\"attachment-medium size-medium wp-image-2772\" alt=\"Portail Charentais \u00a9Louis Jallet\" srcset=\"https:\/\/menuiserie-louisjallet.fr\/wp-content\/uploads\/2021\/06\/Portail-Charentais-\u00a9Louis-Jallet-215x300.png 215w, https:\/\/menuiserie-louisjallet.fr\/wp-content\/uploads\/2021\/06\/Portail-Charentais-\u00a9Louis-Jallet-735x1024.png 735w, https:\/\/menuiserie-louisjallet.fr\/wp-content\/uploads\/2021\/06\/Portail-Charentais-\u00a9Louis-Jallet-768x1070.png 768w, https:\/\/menuiserie-louisjallet.fr\/wp-content\/uploads\/2021\/06\/Portail-Charentais-\u00a9Louis-Jallet.png 977w\" sizes=\"(max-width: 215px) 100vw, 215px\" \/>\t\t\t\t\t\t\t\t\t\t\t<figcaption class=\"widget-image-caption wp-caption-text\">Portail Charentais \u00a9Louis Jallet<\/figcaption>\n\t\t\t\t\t\t\t\t\t\t<\/figure>\n\t\t\t\t\t\t\t<\/div>\n\t\t\t\t<\/div>\n\t\t\t\t\t<\/div>\n\t\t<\/div>\n\t\t\t\t\t<\/div>\n\t\t<\/section>\n\t\t\t\t\t<\/div>\n\t\t<\/div>\n\t\t\t\t\t<\/div>\n\t\t<\/section>\n\t\t\t\t<section class=\"elementor-section elementor-top-section elementor-element elementor-element-ea66dce elementor-section-boxed elementor-section-height-default elementor-section-height-default\" data-id=\"ea66dce\" data-element_type=\"section\">\n\t\t\t\t\t\t<div class=\"elementor-container elementor-column-gap-default\">\n\t\t\t\t\t<div class=\"elementor-column elementor-col-100 elementor-top-column elementor-element elementor-element-4db8e70\" data-id=\"4db8e70\" data-element_type=\"column\">\n\t\t\t<div class=\"elementor-widget-wrap elementor-element-populated\">\n\t\t\t\t\t\t<div class=\"elementor-element elementor-element-4807842 elementor-widget elementor-widget-text-editor\" data-id=\"4807842\" data-element_type=\"widget\" data-widget_type=\"text-editor.default\">\n\t\t\t\t<div class=\"elementor-widget-container\">\n\t\t\t\t\t\t\t<p><strong>Vous souhaitez <a href=\"https:\/\/menuiserie-louisjallet.fr\/index.php\/prestations-louis-jallet-menuiseries-exterieures\/\" target=\"_blank\" rel=\"noopener\">investir dans un nouveau portail ou remplacer le votre<\/a> ? Vous avez des questions ? Contactez-nous ! Nous vous guiderons vers le meilleur choix en fonction de votre habitation.<\/strong><\/p>\t\t\t\t\t\t<\/div>\n\t\t\t\t<\/div>\n\t\t\t\t\t<\/div>\n\t\t<\/div>\n\t\t\t\t\t<\/div>\n\t\t<\/section>\n\t\t\t\t<section class=\"elementor-section elementor-top-section elementor-element elementor-element-814d3cf elementor-section-boxed elementor-section-height-default elementor-section-height-default\" data-id=\"814d3cf\" data-element_type=\"section\">\n\t\t\t\t\t\t<div class=\"elementor-container elementor-column-gap-default\">\n\t\t\t\t\t<div class=\"elementor-column elementor-col-100 elementor-top-column elementor-element elementor-element-de249b2\" data-id=\"de249b2\" data-element_type=\"column\">\n\t\t\t<div class=\"elementor-widget-wrap elementor-element-populated\">\n\t\t\t\t\t\t<div class=\"elementor-element elementor-element-cf40877 elementor-widget elementor-widget-elementskit-button\" data-id=\"cf40877\" data-element_type=\"widget\" data-widget_type=\"elementskit-button.default\">\n\t\t\t\t<div class=\"elementor-widget-container\">\n\t\t\t<div class=\"ekit-wid-con\" >\t\t<div class=\"ekit-btn-wraper\">\n\t\t\t\t\t\t\t<a href=\"https:\/\/menuiserie-louisjallet.fr\/index.php\/contact-etablissements-louis-jallet\/\" class=\"elementskit-btn  whitespace--normal\" id=\"\">\n\t\t\t\t\tNous contacter<i aria-hidden=\"true\" class=\"far fa-envelope\"><\/i>\t\t\t\t<\/a>\n\t\t\t\t\t<\/div>\n        <\/div>\t\t<\/div>\n\t\t\t\t<\/div>\n\t\t\t\t\t<\/div>\n\t\t<\/div>\n\t\t\t\t\t<\/div>\n\t\t<\/section>\n\t\t\t\t<section class=\"elementor-section elementor-top-section elementor-element elementor-element-365c966 elementor-section-boxed elementor-section-height-default elementor-section-height-default\" data-id=\"365c966\" data-element_type=\"section\">\n\t\t\t\t\t\t<div class=\"elementor-container elementor-column-gap-default\">\n\t\t\t\t\t<div class=\"elementor-column elementor-col-100 elementor-top-column elementor-element elementor-element-9418b87\" data-id=\"9418b87\" data-element_type=\"column\">\n\t\t\t<div class=\"elementor-widget-wrap elementor-element-populated\">\n\t\t\t\t\t\t<div class=\"elementor-element elementor-element-cd646aa elementor-widget elementor-widget-spacer\" data-id=\"cd646aa\" data-element_type=\"widget\" data-widget_type=\"spacer.default\">\n\t\t\t\t<div class=\"elementor-widget-container\">\n\t\t\t\t\t<div class=\"elementor-spacer\">\n\t\t\t<div class=\"elementor-spacer-inner\"><\/div>\n\t\t<\/div>\n\t\t\t\t<\/div>\n\t\t\t\t<\/div>\n\t\t\t\t\t<\/div>\n\t\t<\/div>\n\t\t\t\t\t<\/div>\n\t\t<\/section>\n\t\t\t\t<\/div>\n\t\t","protected":false},"excerpt":{"rendered":"<p>Le portail est la touche finale de votre habitation, et doit s\u2019int\u00e9grer parfaitement \u00e0 votre b\u00e2tisse. Il prot\u00e8ge votre maison de toute intrusion, et repr\u00e9sente une vraie s\u00e9curit\u00e9 pour vos enfants ou vos animaux domestiques. Il se doit \u00e9galement d\u2019\u00eatre r\u00e9sistant aux intemp\u00e9ries, et c\u2019est pourquoi il est n\u00e9cessaire de bien le choisir. Nous vous donnons dans cet article quelques informations cl\u00e9s pour vous aider \u00e0 le choisir, et concevons pour vous un portail sur-mesure qui correspondra \u00e0 vos attentes.<\/p>\n","protected":false},"author":1,"featured_media":1605,"comment_status":"open","ping_status":"open","sticky":false,"template":"elementor_header_footer","format":"standard","meta":{"neve_meta_sidebar":"","neve_meta_container":"","neve_meta_enable_content_width":"","neve_meta_content_width":0,"neve_meta_title_alignment":"","neve_meta_author_avatar":"","neve_post_elements_order":"","neve_meta_disable_header":"","neve_meta_disable_footer":"","neve_meta_disable_title":"","footnotes":""},"categories":[1],"tags":[],"class_list":["post-2740","post","type-post","status-publish","format-standard","has-post-thumbnail","hentry","category-uncategorized"],"yoast_head":"<!-- This site is optimized with the Yoast SEO plugin v22.6 - https:\/\/yoast.com\/wordpress\/plugins\/seo\/ -->\n<title>Les crit\u00e8res de choix pour votre portail - Louis Jallet<\/title>\n<meta name=\"description\" content=\"Quels sont les crit\u00e8res de choix pour un portail ? Faites-nous confiance pour concevoir le portail sur-mesure correspondant \u00e0 vos attentes.\" \/>\n<meta name=\"robots\" content=\"index, follow, max-snippet:-1, max-image-preview:large, max-video-preview:-1\" \/>\n<link rel=\"canonical\" href=\"https:\/\/menuiserie-louisjallet.fr\/index.php\/2021\/06\/25\/criteres-choix-portail\/\" \/>\n<meta property=\"og:locale\" content=\"fr_FR\" \/>\n<meta property=\"og:type\" content=\"article\" \/>\n<meta property=\"og:title\" content=\"Les crit\u00e8res de choix pour votre portail - Louis Jallet\" \/>\n<meta property=\"og:description\" content=\"Quels sont les crit\u00e8res de choix pour un portail ? Faites-nous confiance pour concevoir le portail sur-mesure correspondant \u00e0 vos attentes.\" \/>\n<meta property=\"og:url\" content=\"https:\/\/menuiserie-louisjallet.fr\/index.php\/2021\/06\/25\/criteres-choix-portail\/\" \/>\n<meta property=\"og:site_name\" content=\"\u00c9tablissements Louis Jallet | Charpentes et Menuiseries \u00e0 Nercillac depuis 1938\" \/>\n<meta property=\"article:published_time\" content=\"2021-06-25T18:26:30+00:00\" \/>\n<meta property=\"article:modified_time\" content=\"2021-06-29T17:54:35+00:00\" \/>\n<meta property=\"og:image\" content=\"https:\/\/menuiserie-louisjallet.fr\/wp-content\/uploads\/2021\/05\/Portail-bois-sur-mesure-2.jpg\" \/>\n\t<meta property=\"og:image:width\" content=\"1845\" \/>\n\t<meta property=\"og:image:height\" content=\"2460\" \/>\n\t<meta property=\"og:image:type\" content=\"image\/jpeg\" \/>\n<meta name=\"author\" content=\"\u00c9tablissements Louis Jallet\" \/>\n<meta name=\"twitter:card\" content=\"summary_large_image\" \/>\n<meta name=\"twitter:label1\" content=\"\u00c9crit par\" \/>\n\t<meta name=\"twitter:data1\" content=\"\u00c9tablissements Louis Jallet\" \/>\n\t<meta name=\"twitter:label2\" content=\"Dur\u00e9e de lecture estim\u00e9e\" \/>\n\t<meta name=\"twitter:data2\" content=\"5 minutes\" \/>\n<script type=\"application\/ld+json\" class=\"yoast-schema-graph\">{\"@context\":\"https:\/\/schema.org\",\"@graph\":[{\"@type\":\"Article\",\"@id\":\"https:\/\/menuiserie-louisjallet.fr\/index.php\/2021\/06\/25\/criteres-choix-portail\/#article\",\"isPartOf\":{\"@id\":\"https:\/\/menuiserie-louisjallet.fr\/index.php\/2021\/06\/25\/criteres-choix-portail\/\"},\"author\":{\"name\":\"\u00c9tablissements Louis Jallet\",\"@id\":\"https:\/\/menuiserie-louisjallet.fr\/#\/schema\/person\/e24cb7a5d33134a0cb08ca0c102ad9d8\"},\"headline\":\"Les crit\u00e8res de choix pour votre portail\",\"datePublished\":\"2021-06-25T18:26:30+00:00\",\"dateModified\":\"2021-06-29T17:54:35+00:00\",\"mainEntityOfPage\":{\"@id\":\"https:\/\/menuiserie-louisjallet.fr\/index.php\/2021\/06\/25\/criteres-choix-portail\/\"},\"wordCount\":1049,\"commentCount\":0,\"publisher\":{\"@id\":\"https:\/\/menuiserie-louisjallet.fr\/#organization\"},\"image\":{\"@id\":\"https:\/\/menuiserie-louisjallet.fr\/index.php\/2021\/06\/25\/criteres-choix-portail\/#primaryimage\"},\"thumbnailUrl\":\"https:\/\/menuiserie-louisjallet.fr\/wp-content\/uploads\/2021\/05\/Portail-bois-sur-mesure-2.jpg\",\"articleSection\":[\"Uncategorized\"],\"inLanguage\":\"fr-FR\",\"potentialAction\":[{\"@type\":\"CommentAction\",\"name\":\"Comment\",\"target\":[\"https:\/\/menuiserie-louisjallet.fr\/index.php\/2021\/06\/25\/criteres-choix-portail\/#respond\"]}]},{\"@type\":\"WebPage\",\"@id\":\"https:\/\/menuiserie-louisjallet.fr\/index.php\/2021\/06\/25\/criteres-choix-portail\/\",\"url\":\"https:\/\/menuiserie-louisjallet.fr\/index.php\/2021\/06\/25\/criteres-choix-portail\/\",\"name\":\"Les crit\u00e8res de choix pour votre portail - Louis Jallet\",\"isPartOf\":{\"@id\":\"https:\/\/menuiserie-louisjallet.fr\/#website\"},\"primaryImageOfPage\":{\"@id\":\"https:\/\/menuiserie-louisjallet.fr\/index.php\/2021\/06\/25\/criteres-choix-portail\/#primaryimage\"},\"image\":{\"@id\":\"https:\/\/menuiserie-louisjallet.fr\/index.php\/2021\/06\/25\/criteres-choix-portail\/#primaryimage\"},\"thumbnailUrl\":\"https:\/\/menuiserie-louisjallet.fr\/wp-content\/uploads\/2021\/05\/Portail-bois-sur-mesure-2.jpg\",\"datePublished\":\"2021-06-25T18:26:30+00:00\",\"dateModified\":\"2021-06-29T17:54:35+00:00\",\"description\":\"Quels sont les crit\u00e8res de choix pour un portail ? Faites-nous confiance pour concevoir le portail sur-mesure correspondant \u00e0 vos attentes.\",\"breadcrumb\":{\"@id\":\"https:\/\/menuiserie-louisjallet.fr\/index.php\/2021\/06\/25\/criteres-choix-portail\/#breadcrumb\"},\"inLanguage\":\"fr-FR\",\"potentialAction\":[{\"@type\":\"ReadAction\",\"target\":[\"https:\/\/menuiserie-louisjallet.fr\/index.php\/2021\/06\/25\/criteres-choix-portail\/\"]}]},{\"@type\":\"ImageObject\",\"inLanguage\":\"fr-FR\",\"@id\":\"https:\/\/menuiserie-louisjallet.fr\/index.php\/2021\/06\/25\/criteres-choix-portail\/#primaryimage\",\"url\":\"https:\/\/menuiserie-louisjallet.fr\/wp-content\/uploads\/2021\/05\/Portail-bois-sur-mesure-2.jpg\",\"contentUrl\":\"https:\/\/menuiserie-louisjallet.fr\/wp-content\/uploads\/2021\/05\/Portail-bois-sur-mesure-2.jpg\",\"width\":1845,\"height\":2460,\"caption\":\"Portail bois sur mesure\"},{\"@type\":\"BreadcrumbList\",\"@id\":\"https:\/\/menuiserie-louisjallet.fr\/index.php\/2021\/06\/25\/criteres-choix-portail\/#breadcrumb\",\"itemListElement\":[{\"@type\":\"ListItem\",\"position\":1,\"name\":\"Accueil\",\"item\":\"https:\/\/menuiserie-louisjallet.fr\/\"},{\"@type\":\"ListItem\",\"position\":2,\"name\":\"Les crit\u00e8res de choix pour votre portail\"}]},{\"@type\":\"WebSite\",\"@id\":\"https:\/\/menuiserie-louisjallet.fr\/#website\",\"url\":\"https:\/\/menuiserie-louisjallet.fr\/\",\"name\":\"\u00c9tablissements Louis Jallet | Charpentes et Menuiseries \u00e0 Nercillac depuis 1938\",\"description\":\"\u00c9tablissements Louis Jallet | Charpentes et Menuiseries\",\"publisher\":{\"@id\":\"https:\/\/menuiserie-louisjallet.fr\/#organization\"},\"potentialAction\":[{\"@type\":\"SearchAction\",\"target\":{\"@type\":\"EntryPoint\",\"urlTemplate\":\"https:\/\/menuiserie-louisjallet.fr\/?s={search_term_string}\"},\"query-input\":\"required name=search_term_string\"}],\"inLanguage\":\"fr-FR\"},{\"@type\":\"Organization\",\"@id\":\"https:\/\/menuiserie-louisjallet.fr\/#organization\",\"name\":\"\u00c9tablissements Louis Jallet\",\"url\":\"https:\/\/menuiserie-louisjallet.fr\/\",\"logo\":{\"@type\":\"ImageObject\",\"inLanguage\":\"fr-FR\",\"@id\":\"https:\/\/menuiserie-louisjallet.fr\/#\/schema\/logo\/image\/\",\"url\":\"https:\/\/menuiserie-louisjallet.fr\/wp-content\/uploads\/2021\/06\/Logo-LOUIS-JALLET-carre.png\",\"contentUrl\":\"https:\/\/menuiserie-louisjallet.fr\/wp-content\/uploads\/2021\/06\/Logo-LOUIS-JALLET-carre.png\",\"width\":500,\"height\":500,\"caption\":\"\u00c9tablissements Louis Jallet\"},\"image\":{\"@id\":\"https:\/\/menuiserie-louisjallet.fr\/#\/schema\/logo\/image\/\"}},{\"@type\":\"Person\",\"@id\":\"https:\/\/menuiserie-louisjallet.fr\/#\/schema\/person\/e24cb7a5d33134a0cb08ca0c102ad9d8\",\"name\":\"\u00c9tablissements Louis Jallet\",\"image\":{\"@type\":\"ImageObject\",\"inLanguage\":\"fr-FR\",\"@id\":\"https:\/\/menuiserie-louisjallet.fr\/#\/schema\/person\/image\/\",\"url\":\"https:\/\/secure.gravatar.com\/avatar\/b39e5bb0aba7ab68c8da6a552011def21c7ef3534764f19fad903a2b53b6c675?s=96&d=mm&r=g\",\"contentUrl\":\"https:\/\/secure.gravatar.com\/avatar\/b39e5bb0aba7ab68c8da6a552011def21c7ef3534764f19fad903a2b53b6c675?s=96&d=mm&r=g\",\"caption\":\"\u00c9tablissements Louis Jallet\"},\"sameAs\":[\"http:\/\/menuiserie-louisjallet.fr\"],\"url\":\"https:\/\/menuiserie-louisjallet.fr\/index.php\/author\/juliette-gjlive-fr\/\"}]}<\/script>\n<!-- \/ Yoast SEO plugin. -->","yoast_head_json":{"title":"Les crit\u00e8res de choix pour votre portail - Louis Jallet","description":"Quels sont les crit\u00e8res de choix pour un portail ? Faites-nous confiance pour concevoir le portail sur-mesure correspondant \u00e0 vos attentes.","robots":{"index":"index","follow":"follow","max-snippet":"max-snippet:-1","max-image-preview":"max-image-preview:large","max-video-preview":"max-video-preview:-1"},"canonical":"https:\/\/menuiserie-louisjallet.fr\/index.php\/2021\/06\/25\/criteres-choix-portail\/","og_locale":"fr_FR","og_type":"article","og_title":"Les crit\u00e8res de choix pour votre portail - Louis Jallet","og_description":"Quels sont les crit\u00e8res de choix pour un portail ? Faites-nous confiance pour concevoir le portail sur-mesure correspondant \u00e0 vos attentes.","og_url":"https:\/\/menuiserie-louisjallet.fr\/index.php\/2021\/06\/25\/criteres-choix-portail\/","og_site_name":"\u00c9tablissements Louis Jallet | Charpentes et Menuiseries \u00e0 Nercillac depuis 1938","article_published_time":"2021-06-25T18:26:30+00:00","article_modified_time":"2021-06-29T17:54:35+00:00","og_image":[{"width":1845,"height":2460,"url":"https:\/\/menuiserie-louisjallet.fr\/wp-content\/uploads\/2021\/05\/Portail-bois-sur-mesure-2.jpg","type":"image\/jpeg"}],"author":"\u00c9tablissements Louis Jallet","twitter_card":"summary_large_image","twitter_misc":{"\u00c9crit par":"\u00c9tablissements Louis Jallet","Dur\u00e9e de lecture estim\u00e9e":"5 minutes"},"schema":{"@context":"https:\/\/schema.org","@graph":[{"@type":"Article","@id":"https:\/\/menuiserie-louisjallet.fr\/index.php\/2021\/06\/25\/criteres-choix-portail\/#article","isPartOf":{"@id":"https:\/\/menuiserie-louisjallet.fr\/index.php\/2021\/06\/25\/criteres-choix-portail\/"},"author":{"name":"\u00c9tablissements Louis Jallet","@id":"https:\/\/menuiserie-louisjallet.fr\/#\/schema\/person\/e24cb7a5d33134a0cb08ca0c102ad9d8"},"headline":"Les crit\u00e8res de choix pour votre portail","datePublished":"2021-06-25T18:26:30+00:00","dateModified":"2021-06-29T17:54:35+00:00","mainEntityOfPage":{"@id":"https:\/\/menuiserie-louisjallet.fr\/index.php\/2021\/06\/25\/criteres-choix-portail\/"},"wordCount":1049,"commentCount":0,"publisher":{"@id":"https:\/\/menuiserie-louisjallet.fr\/#organization"},"image":{"@id":"https:\/\/menuiserie-louisjallet.fr\/index.php\/2021\/06\/25\/criteres-choix-portail\/#primaryimage"},"thumbnailUrl":"https:\/\/menuiserie-louisjallet.fr\/wp-content\/uploads\/2021\/05\/Portail-bois-sur-mesure-2.jpg","articleSection":["Uncategorized"],"inLanguage":"fr-FR","potentialAction":[{"@type":"CommentAction","name":"Comment","target":["https:\/\/menuiserie-louisjallet.fr\/index.php\/2021\/06\/25\/criteres-choix-portail\/#respond"]}]},{"@type":"WebPage","@id":"https:\/\/menuiserie-louisjallet.fr\/index.php\/2021\/06\/25\/criteres-choix-portail\/","url":"https:\/\/menuiserie-louisjallet.fr\/index.php\/2021\/06\/25\/criteres-choix-portail\/","name":"Les crit\u00e8res de choix pour votre portail - Louis Jallet","isPartOf":{"@id":"https:\/\/menuiserie-louisjallet.fr\/#website"},"primaryImageOfPage":{"@id":"https:\/\/menuiserie-louisjallet.fr\/index.php\/2021\/06\/25\/criteres-choix-portail\/#primaryimage"},"image":{"@id":"https:\/\/menuiserie-louisjallet.fr\/index.php\/2021\/06\/25\/criteres-choix-portail\/#primaryimage"},"thumbnailUrl":"https:\/\/menuiserie-louisjallet.fr\/wp-content\/uploads\/2021\/05\/Portail-bois-sur-mesure-2.jpg","datePublished":"2021-06-25T18:26:30+00:00","dateModified":"2021-06-29T17:54:35+00:00","description":"Quels sont les crit\u00e8res de choix pour un portail ? Faites-nous confiance pour concevoir le portail sur-mesure correspondant \u00e0 vos attentes.","breadcrumb":{"@id":"https:\/\/menuiserie-louisjallet.fr\/index.php\/2021\/06\/25\/criteres-choix-portail\/#breadcrumb"},"inLanguage":"fr-FR","potentialAction":[{"@type":"ReadAction","target":["https:\/\/menuiserie-louisjallet.fr\/index.php\/2021\/06\/25\/criteres-choix-portail\/"]}]},{"@type":"ImageObject","inLanguage":"fr-FR","@id":"https:\/\/menuiserie-louisjallet.fr\/index.php\/2021\/06\/25\/criteres-choix-portail\/#primaryimage","url":"https:\/\/menuiserie-louisjallet.fr\/wp-content\/uploads\/2021\/05\/Portail-bois-sur-mesure-2.jpg","contentUrl":"https:\/\/menuiserie-louisjallet.fr\/wp-content\/uploads\/2021\/05\/Portail-bois-sur-mesure-2.jpg","width":1845,"height":2460,"caption":"Portail bois sur mesure"},{"@type":"BreadcrumbList","@id":"https:\/\/menuiserie-louisjallet.fr\/index.php\/2021\/06\/25\/criteres-choix-portail\/#breadcrumb","itemListElement":[{"@type":"ListItem","position":1,"name":"Accueil","item":"https:\/\/menuiserie-louisjallet.fr\/"},{"@type":"ListItem","position":2,"name":"Les crit\u00e8res de choix pour votre portail"}]},{"@type":"WebSite","@id":"https:\/\/menuiserie-louisjallet.fr\/#website","url":"https:\/\/menuiserie-louisjallet.fr\/","name":"\u00c9tablissements Louis Jallet | Charpentes et Menuiseries \u00e0 Nercillac depuis 1938","description":"\u00c9tablissements Louis Jallet | Charpentes et Menuiseries","publisher":{"@id":"https:\/\/menuiserie-louisjallet.fr\/#organization"},"potentialAction":[{"@type":"SearchAction","target":{"@type":"EntryPoint","urlTemplate":"https:\/\/menuiserie-louisjallet.fr\/?s={search_term_string}"},"query-input":"required name=search_term_string"}],"inLanguage":"fr-FR"},{"@type":"Organization","@id":"https:\/\/menuiserie-louisjallet.fr\/#organization","name":"\u00c9tablissements Louis Jallet","url":"https:\/\/menuiserie-louisjallet.fr\/","logo":{"@type":"ImageObject","inLanguage":"fr-FR","@id":"https:\/\/menuiserie-louisjallet.fr\/#\/schema\/logo\/image\/","url":"https:\/\/menuiserie-louisjallet.fr\/wp-content\/uploads\/2021\/06\/Logo-LOUIS-JALLET-carre.png","contentUrl":"https:\/\/menuiserie-louisjallet.fr\/wp-content\/uploads\/2021\/06\/Logo-LOUIS-JALLET-carre.png","width":500,"height":500,"caption":"\u00c9tablissements Louis Jallet"},"image":{"@id":"https:\/\/menuiserie-louisjallet.fr\/#\/schema\/logo\/image\/"}},{"@type":"Person","@id":"https:\/\/menuiserie-louisjallet.fr\/#\/schema\/person\/e24cb7a5d33134a0cb08ca0c102ad9d8","name":"\u00c9tablissements Louis Jallet","image":{"@type":"ImageObject","inLanguage":"fr-FR","@id":"https:\/\/menuiserie-louisjallet.fr\/#\/schema\/person\/image\/","url":"https:\/\/secure.gravatar.com\/avatar\/b39e5bb0aba7ab68c8da6a552011def21c7ef3534764f19fad903a2b53b6c675?s=96&d=mm&r=g","contentUrl":"https:\/\/secure.gravatar.com\/avatar\/b39e5bb0aba7ab68c8da6a552011def21c7ef3534764f19fad903a2b53b6c675?s=96&d=mm&r=g","caption":"\u00c9tablissements Louis Jallet"},"sameAs":["http:\/\/menuiserie-louisjallet.fr"],"url":"https:\/\/menuiserie-louisjallet.fr\/index.php\/author\/juliette-gjlive-fr\/"}]}},"_links":{"self":[{"href":"https:\/\/menuiserie-louisjallet.fr\/index.php\/wp-json\/wp\/v2\/posts\/2740","targetHints":{"allow":["GET"]}}],"collection":[{"href":"https:\/\/menuiserie-louisjallet.fr\/index.php\/wp-json\/wp\/v2\/posts"}],"about":[{"href":"https:\/\/menuiserie-louisjallet.fr\/index.php\/wp-json\/wp\/v2\/types\/post"}],"author":[{"embeddable":true,"href":"https:\/\/menuiserie-louisjallet.fr\/index.php\/wp-json\/wp\/v2\/users\/1"}],"replies":[{"embeddable":true,"href":"https:\/\/menuiserie-louisjallet.fr\/index.php\/wp-json\/wp\/v2\/comments?post=2740"}],"version-history":[{"count":57,"href":"https:\/\/menuiserie-louisjallet.fr\/index.php\/wp-json\/wp\/v2\/posts\/2740\/revisions"}],"predecessor-version":[{"id":3504,"href":"https:\/\/menuiserie-louisjallet.fr\/index.php\/wp-json\/wp\/v2\/posts\/2740\/revisions\/3504"}],"wp:featuredmedia":[{"embeddable":true,"href":"https:\/\/menuiserie-louisjallet.fr\/index.php\/wp-json\/wp\/v2\/media\/1605"}],"wp:attachment":[{"href":"https:\/\/menuiserie-louisjallet.fr\/index.php\/wp-json\/wp\/v2\/media?parent=2740"}],"wp:term":[{"taxonomy":"category","embeddable":true,"href":"https:\/\/menuiserie-louisjallet.fr\/index.php\/wp-json\/wp\/v2\/categories?post=2740"},{"taxonomy":"post_tag","embeddable":true,"href":"https:\/\/menuiserie-louisjallet.fr\/index.php\/wp-json\/wp\/v2\/tags?post=2740"}],"curies":[{"name":"wp","href":"https:\/\/api.w.org\/{rel}","templated":true}]}}