{"id":2603,"date":"2021-06-25T14:59:46","date_gmt":"2021-06-25T14:59:46","guid":{"rendered":"https:\/\/menuiserie-louisjallet.fr\/index.php\/2021\/06\/25\/article-test-copy-2-copy-copy\/"},"modified":"2021-06-29T18:00:24","modified_gmt":"2021-06-29T18:00:24","slug":"placards-dressings-sur-mesure","status":"publish","type":"post","link":"https:\/\/menuiserie-louisjallet.fr\/index.php\/2021\/06\/25\/placards-dressings-sur-mesure\/","title":{"rendered":"Placards, dressings et \u00e9l\u00e9ments sur-mesure : ils vous faciliteront la vie !"},"content":{"rendered":"\t\t<div data-elementor-type=\"wp-post\" data-elementor-id=\"2603\" class=\"elementor elementor-2603\">\n\t\t\t\t\t\t<section class=\"elementor-section elementor-top-section elementor-element elementor-element-8eee77f elementor-section-boxed elementor-section-height-default elementor-section-height-default\" data-id=\"8eee77f\" data-element_type=\"section\">\n\t\t\t\t\t\t<div class=\"elementor-container elementor-column-gap-default\">\n\t\t\t\t\t<div class=\"elementor-column elementor-col-100 elementor-top-column elementor-element elementor-element-9876241\" data-id=\"9876241\" data-element_type=\"column\">\n\t\t\t<div class=\"elementor-widget-wrap elementor-element-populated\">\n\t\t\t\t\t\t<div class=\"elementor-element elementor-element-07c5438 elementor-widget__width-inherit elementor-widget-divider--view-line elementor-widget elementor-widget-divider\" data-id=\"07c5438\" data-element_type=\"widget\" data-widget_type=\"divider.default\">\n\t\t\t\t<div class=\"elementor-widget-container\">\n\t\t\t\t\t<div class=\"elementor-divider\">\n\t\t\t<span class=\"elementor-divider-separator\">\n\t\t\t\t\t\t<\/span>\n\t\t<\/div>\n\t\t\t\t<\/div>\n\t\t\t\t<\/div>\n\t\t\t\t\t<\/div>\n\t\t<\/div>\n\t\t\t\t\t<\/div>\n\t\t<\/section>\n\t\t\t\t<section class=\"elementor-section elementor-top-section elementor-element elementor-element-b4adfae elementor-section-boxed elementor-section-height-default elementor-section-height-default\" data-id=\"b4adfae\" data-element_type=\"section\">\n\t\t\t\t\t\t<div class=\"elementor-container elementor-column-gap-default\">\n\t\t\t\t\t<div class=\"elementor-column elementor-col-100 elementor-top-column elementor-element elementor-element-cda3c6b\" data-id=\"cda3c6b\" data-element_type=\"column\">\n\t\t\t<div class=\"elementor-widget-wrap elementor-element-populated\">\n\t\t\t\t\t\t<div class=\"elementor-element elementor-element-b9f409c elementor-widget elementor-widget-heading\" data-id=\"b9f409c\" data-element_type=\"widget\" data-widget_type=\"heading.default\">\n\t\t\t\t<div class=\"elementor-widget-container\">\n\t\t\t<h1 class=\"elementor-heading-title elementor-size-default\">Placards, dressings et \u00e9l\u00e9ments sur-mesure : ils vous faciliteront la vie !<\/h1>\t\t<\/div>\n\t\t\t\t<\/div>\n\t\t\t\t\t<\/div>\n\t\t<\/div>\n\t\t\t\t\t<\/div>\n\t\t<\/section>\n\t\t\t\t<section class=\"elementor-section elementor-top-section elementor-element elementor-element-36942f2 elementor-section-boxed elementor-section-height-default elementor-section-height-default\" data-id=\"36942f2\" data-element_type=\"section\">\n\t\t\t\t\t\t<div class=\"elementor-container elementor-column-gap-default\">\n\t\t\t\t\t<div class=\"elementor-column elementor-col-100 elementor-top-column elementor-element elementor-element-f8cb286\" data-id=\"f8cb286\" data-element_type=\"column\">\n\t\t\t<div class=\"elementor-widget-wrap elementor-element-populated\">\n\t\t\t\t\t\t<div class=\"elementor-element elementor-element-82d09ea elementor-widget elementor-widget-text-editor\" data-id=\"82d09ea\" data-element_type=\"widget\" data-widget_type=\"text-editor.default\">\n\t\t\t\t<div class=\"elementor-widget-container\">\n\t\t\t\t\t\t\t<p><b>Vous souhaitez am\u00e9nager votre maison en lui offrant plus de rangements ? Nous pouvons vous accompagner dans la conception, la cr\u00e9ation et la pose de vos espaces de rangements. Nous vous livrons dans cet article nos conseils et solutions pour des \u00e9l\u00e9ments<span class=\"Apple-converted-space\">\u00a0<\/span>sur-mesure qui s\u2019adaptent \u00e0 vos espaces, vos go\u00fbts et votre budget.<\/b><\/p>\t\t\t\t\t\t<\/div>\n\t\t\t\t<\/div>\n\t\t\t\t\t<\/div>\n\t\t<\/div>\n\t\t\t\t\t<\/div>\n\t\t<\/section>\n\t\t\t\t<section class=\"elementor-section elementor-top-section elementor-element elementor-element-c9242e3 elementor-section-boxed elementor-section-height-default elementor-section-height-default\" data-id=\"c9242e3\" data-element_type=\"section\">\n\t\t\t\t\t\t<div class=\"elementor-container elementor-column-gap-default\">\n\t\t\t\t\t<div class=\"elementor-column elementor-col-100 elementor-top-column elementor-element elementor-element-f3b3644\" data-id=\"f3b3644\" data-element_type=\"column\">\n\t\t\t<div class=\"elementor-widget-wrap elementor-element-populated\">\n\t\t\t\t\t\t<div class=\"elementor-element elementor-element-3fe9bc2 elementor-widget elementor-widget-heading\" data-id=\"3fe9bc2\" data-element_type=\"widget\" data-widget_type=\"heading.default\">\n\t\t\t\t<div class=\"elementor-widget-container\">\n\t\t\t<h2 class=\"elementor-heading-title elementor-size-default\">Les int\u00e9r\u00eats d\u2019un dressing ou d\u2019un am\u00e9nagement sur mesure<\/h2>\t\t<\/div>\n\t\t\t\t<\/div>\n\t\t\t\t\t<\/div>\n\t\t<\/div>\n\t\t\t\t\t<\/div>\n\t\t<\/section>\n\t\t\t\t<section class=\"elementor-section elementor-top-section elementor-element elementor-element-046f9bb elementor-section-boxed elementor-section-height-default elementor-section-height-default\" data-id=\"046f9bb\" data-element_type=\"section\">\n\t\t\t\t\t\t<div class=\"elementor-container elementor-column-gap-default\">\n\t\t\t\t\t<div class=\"elementor-column elementor-col-100 elementor-top-column elementor-element elementor-element-1c5bd71\" data-id=\"1c5bd71\" data-element_type=\"column\">\n\t\t\t<div class=\"elementor-widget-wrap elementor-element-populated\">\n\t\t\t\t\t\t<section class=\"elementor-section elementor-inner-section elementor-element elementor-element-20d0a6b elementor-section-boxed elementor-section-height-default elementor-section-height-default\" data-id=\"20d0a6b\" data-element_type=\"section\">\n\t\t\t\t\t\t<div class=\"elementor-container elementor-column-gap-default\">\n\t\t\t\t\t<div class=\"elementor-column elementor-col-50 elementor-inner-column elementor-element elementor-element-8cf576b\" data-id=\"8cf576b\" data-element_type=\"column\">\n\t\t\t<div class=\"elementor-widget-wrap elementor-element-populated\">\n\t\t\t\t\t\t<div class=\"elementor-element elementor-element-abdb930 elementor-widget elementor-widget-text-editor\" data-id=\"abdb930\" data-element_type=\"widget\" data-widget_type=\"text-editor.default\">\n\t\t\t\t<div class=\"elementor-widget-container\">\n\t\t\t\t\t\t\t<p>Le dressing permet un <b>rangement fonctionnel et pratique<\/b> au quotidien. C\u2019est un \u00e9l\u00e9ment de mobilier qui <b>facilite l\u2019organisation<\/b> et simplifie la vie. Optez pour nos services professionnels et faites le choix du sur-mesure pour am\u00e9nager un espace qui r\u00e9ponde parfaitement \u00e0 vos attentes.<\/p>\t\t\t\t\t\t<\/div>\n\t\t\t\t<\/div>\n\t\t\t\t<div class=\"elementor-element elementor-element-0714a0e elementor-widget elementor-widget-heading\" data-id=\"0714a0e\" data-element_type=\"widget\" data-widget_type=\"heading.default\">\n\t\t\t\t<div class=\"elementor-widget-container\">\n\t\t\t<h3 class=\"elementor-heading-title elementor-size-default\">Personnalisez les rangements \u00e0 vos go\u00fbts et vos besoins<\/h3>\t\t<\/div>\n\t\t\t\t<\/div>\n\t\t\t\t<div class=\"elementor-element elementor-element-9f384d6 elementor-widget elementor-widget-text-editor\" data-id=\"9f384d6\" data-element_type=\"widget\" data-widget_type=\"text-editor.default\">\n\t\t\t\t<div class=\"elementor-widget-container\">\n\t\t\t\t\t\t\t<p>Vous pouvez tout-\u00e0-fait choisir les <b>finitions de votre dressing sur-mesure<\/b> en fonction de votre <b>d\u00e9coration int\u00e9rieure <\/b>(qu\u2019elle soit moderne, \u00e9pur\u00e9e, ancienne ou plus industrielle). L\u2019aspect esth\u00e9tique \u00e9tant l\u2019un des atouts du sur-mesure, nous pouvons personnaliser vos rangements pour qu\u2019ils soient <b>uniques et totalement adapt\u00e9s \u00e0 vos go\u00fbts <\/b>et au style de votre pi\u00e8ce (possibilit\u00e9 de choisir les mat\u00e9riaux, les coloris, les formes et les tailles).<\/p>\t\t\t\t\t\t<\/div>\n\t\t\t\t<\/div>\n\t\t\t\t\t<\/div>\n\t\t<\/div>\n\t\t\t\t<div class=\"elementor-column elementor-col-50 elementor-inner-column elementor-element elementor-element-1882660\" data-id=\"1882660\" data-element_type=\"column\">\n\t\t\t<div class=\"elementor-widget-wrap elementor-element-populated\">\n\t\t\t\t\t\t<div class=\"elementor-element elementor-element-f714323 elementor-widget elementor-widget-image\" data-id=\"f714323\" data-element_type=\"widget\" data-widget_type=\"image.default\">\n\t\t\t\t<div class=\"elementor-widget-container\">\n\t\t\t\t\t\t\t\t\t\t<figure class=\"wp-caption\">\n\t\t\t\t\t\t\t\t\t\t<img fetchpriority=\"high\" decoding=\"async\" width=\"768\" height=\"614\" src=\"https:\/\/menuiserie-louisjallet.fr\/wp-content\/uploads\/2021\/06\/Dressing-sur-mesure-\u00a9Louis-Jallet-768x614.png\" class=\"attachment-medium_large size-medium_large wp-image-2733\" alt=\"Dressing sur-mesure \u00a9Louis Jallet\" srcset=\"https:\/\/menuiserie-louisjallet.fr\/wp-content\/uploads\/2021\/06\/Dressing-sur-mesure-\u00a9Louis-Jallet-768x614.png 768w, https:\/\/menuiserie-louisjallet.fr\/wp-content\/uploads\/2021\/06\/Dressing-sur-mesure-\u00a9Louis-Jallet-300x240.png 300w, https:\/\/menuiserie-louisjallet.fr\/wp-content\/uploads\/2021\/06\/Dressing-sur-mesure-\u00a9Louis-Jallet-1024x819.png 1024w, https:\/\/menuiserie-louisjallet.fr\/wp-content\/uploads\/2021\/06\/Dressing-sur-mesure-\u00a9Louis-Jallet-1536x1229.png 1536w, https:\/\/menuiserie-louisjallet.fr\/wp-content\/uploads\/2021\/06\/Dressing-sur-mesure-\u00a9Louis-Jallet.png 2000w\" sizes=\"(max-width: 768px) 100vw, 768px\" \/>\t\t\t\t\t\t\t\t\t\t\t<figcaption class=\"widget-image-caption wp-caption-text\">Dressing sur-mesure \u00a9Louis Jallet<\/figcaption>\n\t\t\t\t\t\t\t\t\t\t<\/figure>\n\t\t\t\t\t\t\t<\/div>\n\t\t\t\t<\/div>\n\t\t\t\t\t<\/div>\n\t\t<\/div>\n\t\t\t\t\t<\/div>\n\t\t<\/section>\n\t\t\t\t<section class=\"elementor-section elementor-inner-section elementor-element elementor-element-e941e80 elementor-section-boxed elementor-section-height-default elementor-section-height-default\" data-id=\"e941e80\" data-element_type=\"section\">\n\t\t\t\t\t\t<div class=\"elementor-container elementor-column-gap-default\">\n\t\t\t\t\t<div class=\"elementor-column elementor-col-50 elementor-inner-column elementor-element elementor-element-d783894\" data-id=\"d783894\" data-element_type=\"column\">\n\t\t\t<div class=\"elementor-widget-wrap elementor-element-populated\">\n\t\t\t\t\t\t<div class=\"elementor-element elementor-element-e73a6bb elementor-widget elementor-widget-text-editor\" data-id=\"e73a6bb\" data-element_type=\"widget\" data-widget_type=\"text-editor.default\">\n\t\t\t\t<div class=\"elementor-widget-container\">\n\t\t\t\t\t\t\t<p>Le dressing sur-mesure a aussi l\u2019avantage de pouvoir correspondre du mieux possible aux besoins de votre garde-robe. Vous pouvez choisir vos rangements <b>selon votre organisation personnelle <\/b>et concevoir une solution r\u00e9ellement fonctionnelle. Vous devez pour cela prendre en compte le volume et le type de v\u00eatements que vous souhaitez ranger, afin de d\u00e9finir plusieurs crit\u00e8res : le nombre d\u2019\u00e9tag\u00e8res, de tiroirs, la longueur de la penderie, le type de rangements selon les accessoires (chaussures, sacs, cravates, etc.).<span class=\"Apple-converted-space\">\u00a0<\/span><\/p>\t\t\t\t\t\t<\/div>\n\t\t\t\t<\/div>\n\t\t\t\t<div class=\"elementor-element elementor-element-4911dc6 elementor-widget elementor-widget-heading\" data-id=\"4911dc6\" data-element_type=\"widget\" data-widget_type=\"heading.default\">\n\t\t\t\t<div class=\"elementor-widget-container\">\n\t\t\t<h3 class=\"elementor-heading-title elementor-size-default\">Optimisez votre espace<\/h3>\t\t<\/div>\n\t\t\t\t<\/div>\n\t\t\t\t<div class=\"elementor-element elementor-element-2fb2376 elementor-widget elementor-widget-text-editor\" data-id=\"2fb2376\" data-element_type=\"widget\" data-widget_type=\"text-editor.default\">\n\t\t\t\t<div class=\"elementor-widget-container\">\n\t\t\t\t\t\t\t<p>Le dressing sur-mesure va <b>exploiter au maximum l\u2019espace disponible<\/b>. Vous n\u2019aurez donc <b>aucune perte de place<\/b> puisqu\u2019il est con\u00e7u pour s\u2019adapter aux dimensions et surtout aux contraintes de votre pi\u00e8ce (la pr\u00e9sence d\u2019un toit en pente sous les combles ou d\u2019une poutre qui traverse la pi\u00e8ce, angle de mur ou mur courb\u00e9, espace sous escalier, etc.). Enfin, vous pouvez \u00e9galement penser \u00e0 <b>am\u00e9nager toute la hauteur de votre pi\u00e8ce<\/b> pour cr\u00e9er un maximum de rangements.<\/p>\t\t\t\t\t\t<\/div>\n\t\t\t\t<\/div>\n\t\t\t\t\t<\/div>\n\t\t<\/div>\n\t\t\t\t<div class=\"elementor-column elementor-col-50 elementor-inner-column elementor-element elementor-element-9ebbef0\" data-id=\"9ebbef0\" data-element_type=\"column\">\n\t\t\t<div class=\"elementor-widget-wrap elementor-element-populated\">\n\t\t\t\t\t\t<div class=\"elementor-element elementor-element-9e46699 elementor-widget elementor-widget-image\" data-id=\"9e46699\" data-element_type=\"widget\" data-widget_type=\"image.default\">\n\t\t\t\t<div class=\"elementor-widget-container\">\n\t\t\t\t\t\t\t\t\t\t<figure class=\"wp-caption\">\n\t\t\t\t\t\t\t\t\t\t<img decoding=\"async\" src=\"https:\/\/menuiserie-louisjallet.fr\/wp-content\/uploads\/elementor\/thumbs\/Placards-sur-mesure-\u00a9Louis-Jallet-qaivb3svsyrlamqf6jjqmve093kbr4bouus5f6xpr4.png\" title=\"Placards sur-mesure \u00a9Louis Jallet\" alt=\"Placards sur-mesure \u00a9Louis Jallet\" loading=\"lazy\" \/>\t\t\t\t\t\t\t\t\t\t\t<figcaption class=\"widget-image-caption wp-caption-text\">Placards sur-mesure \u00a9Louis Jallet<\/figcaption>\n\t\t\t\t\t\t\t\t\t\t<\/figure>\n\t\t\t\t\t\t\t<\/div>\n\t\t\t\t<\/div>\n\t\t\t\t\t<\/div>\n\t\t<\/div>\n\t\t\t\t\t<\/div>\n\t\t<\/section>\n\t\t\t\t\t<\/div>\n\t\t<\/div>\n\t\t\t\t\t<\/div>\n\t\t<\/section>\n\t\t\t\t<section class=\"elementor-section elementor-top-section elementor-element elementor-element-9792ed5 elementor-section-boxed elementor-section-height-default elementor-section-height-default\" data-id=\"9792ed5\" data-element_type=\"section\">\n\t\t\t\t\t\t<div class=\"elementor-container elementor-column-gap-default\">\n\t\t\t\t\t<div class=\"elementor-column elementor-col-100 elementor-top-column elementor-element elementor-element-96056a4\" data-id=\"96056a4\" data-element_type=\"column\">\n\t\t\t<div class=\"elementor-widget-wrap elementor-element-populated\">\n\t\t\t\t\t\t<div class=\"elementor-element elementor-element-6037d3b elementor-widget elementor-widget-heading\" data-id=\"6037d3b\" data-element_type=\"widget\" data-widget_type=\"heading.default\">\n\t\t\t\t<div class=\"elementor-widget-container\">\n\t\t\t<h3 class=\"elementor-heading-title elementor-size-default\">Optez pour un bon rapport qualit\u00e9-prix et un accompagnement professionnel<\/h3>\t\t<\/div>\n\t\t\t\t<\/div>\n\t\t\t\t<div class=\"elementor-element elementor-element-a57ebb9 elementor-widget elementor-widget-text-editor\" data-id=\"a57ebb9\" data-element_type=\"widget\" data-widget_type=\"text-editor.default\">\n\t\t\t\t<div class=\"elementor-widget-container\">\n\t\t\t\t\t\t\t<p>Contrairement \u00e0 ce que l\u2019on peut penser, le prix d\u2019un <b>dressing r\u00e9alis\u00e9 sur-mesure<\/b> n\u2019est pas forc\u00e9ment d\u00e9mesur\u00e9. Un placard ou une armoire achet\u00e9s dans un magasin d\u2019ameublement peuvent vous co\u00fbter plus cher et risquent de ne durer que quelques ann\u00e9es. Nos r\u00e9alisations ont l\u2019avantage d\u2019\u00eatre <b>plus r\u00e9sistantes <\/b>au poids des v\u00eatements et seront donc <b>plus durables<\/b> dans le temps.<span class=\"Apple-converted-space\">\u00a0<\/span><\/p><p>Cette prestation s\u2019accompagne surtout de <b>conseils et services professionnels <\/b>pendant toute l\u2019\u00e9laboration du projet. Contrairement \u00e0 l\u2019achat d\u2019un dressing en magasin, nous nous d\u00e9pla\u00e7ons chez vous pour prendre les mesures, <b>discuter avec vous de votre projet et de vos besoins<\/b>, et vous orienter vers le meilleur choix et les meilleures options. Enfin, l&rsquo;installation de votre dressing par notre \u00e9quipe qualifi\u00e9e vous permet d\u2019\u00eatre assur\u00e9 d\u2019un r\u00e9sultat de qualit\u00e9.<\/p>\t\t\t\t\t\t<\/div>\n\t\t\t\t<\/div>\n\t\t\t\t\t<\/div>\n\t\t<\/div>\n\t\t\t\t\t<\/div>\n\t\t<\/section>\n\t\t\t\t<section class=\"elementor-section elementor-top-section elementor-element elementor-element-b3ebd48 elementor-section-boxed elementor-section-height-default elementor-section-height-default\" data-id=\"b3ebd48\" data-element_type=\"section\">\n\t\t\t\t\t\t<div class=\"elementor-container elementor-column-gap-default\">\n\t\t\t\t\t<div class=\"elementor-column elementor-col-100 elementor-top-column elementor-element elementor-element-ac64f0e\" data-id=\"ac64f0e\" data-element_type=\"column\">\n\t\t\t<div class=\"elementor-widget-wrap elementor-element-populated\">\n\t\t\t\t\t\t<div class=\"elementor-element elementor-element-c27b0d2 elementor-widget elementor-widget-heading\" data-id=\"c27b0d2\" data-element_type=\"widget\" data-widget_type=\"heading.default\">\n\t\t\t\t<div class=\"elementor-widget-container\">\n\t\t\t<h2 class=\"elementor-heading-title elementor-size-default\">Dressings et placards sur-mesure : tout est possible<\/h2>\t\t<\/div>\n\t\t\t\t<\/div>\n\t\t\t\t<div class=\"elementor-element elementor-element-9e6873f elementor-widget elementor-widget-text-editor\" data-id=\"9e6873f\" data-element_type=\"widget\" data-widget_type=\"text-editor.default\">\n\t\t\t\t<div class=\"elementor-widget-container\">\n\t\t\t\t\t\t\t<p>Nous sommes \u00e0 votre service quelles que soient vos contraintes et cr\u00e9ons des armoires, colonnes et penderies qui s\u2019adaptent \u00e0 tous vos espaces \u00e0 am\u00e9nager.<\/p>\t\t\t\t\t\t<\/div>\n\t\t\t\t<\/div>\n\t\t\t\t<section class=\"elementor-section elementor-inner-section elementor-element elementor-element-67ba708 elementor-section-boxed elementor-section-height-default elementor-section-height-default\" data-id=\"67ba708\" data-element_type=\"section\">\n\t\t\t\t\t\t<div class=\"elementor-container elementor-column-gap-default\">\n\t\t\t\t\t<div class=\"elementor-column elementor-col-50 elementor-inner-column elementor-element elementor-element-d4c3a58\" data-id=\"d4c3a58\" data-element_type=\"column\">\n\t\t\t<div class=\"elementor-widget-wrap elementor-element-populated\">\n\t\t\t\t\t\t<div class=\"elementor-element elementor-element-297c022 elementor-widget elementor-widget-heading\" data-id=\"297c022\" data-element_type=\"widget\" data-widget_type=\"heading.default\">\n\t\t\t\t<div class=\"elementor-widget-container\">\n\t\t\t<h3 class=\"elementor-heading-title elementor-size-default\">La structure<\/h3>\t\t<\/div>\n\t\t\t\t<\/div>\n\t\t\t\t<div class=\"elementor-element elementor-element-d7fff1f elementor-widget elementor-widget-text-editor\" data-id=\"d7fff1f\" data-element_type=\"widget\" data-widget_type=\"text-editor.default\">\n\t\t\t\t<div class=\"elementor-widget-container\">\n\t\t\t\t\t\t\t<p>Vous pouvez choisir et personnaliser le type de <b>portes pour votre dressing sur-mesure<\/b>, ainsi que leur sens d\u2019ouverture. Nous vous proposons des fa\u00e7ades de placards traditionnelles ou plus contemporaines. Celles-ci peuvent \u00eatre <b>battantes ou coulissantes<\/b> (pour gagner de la place, sur un syst\u00e8me astucieux de guides-rails, vous offrant un confort d\u2019utilisation optimal). Enfin, nos diff\u00e9rents panneaux peuvent \u00eatre choisis dans plusieurs coloris, peints avec la teinte de votre choix, ou encore <b>int\u00e9grer un miroir<\/b> rendant votre dressing encore plus fonctionnel.<\/p>\t\t\t\t\t\t<\/div>\n\t\t\t\t<\/div>\n\t\t\t\t\t<\/div>\n\t\t<\/div>\n\t\t\t\t<div class=\"elementor-column elementor-col-50 elementor-inner-column elementor-element elementor-element-ada255f\" data-id=\"ada255f\" data-element_type=\"column\">\n\t\t\t<div class=\"elementor-widget-wrap elementor-element-populated\">\n\t\t\t\t\t\t<div class=\"elementor-element elementor-element-36f4f55 elementor-widget elementor-widget-heading\" data-id=\"36f4f55\" data-element_type=\"widget\" data-widget_type=\"heading.default\">\n\t\t\t\t<div class=\"elementor-widget-container\">\n\t\t\t<h3 class=\"elementor-heading-title elementor-size-default\">La personnalisation<\/h3>\t\t<\/div>\n\t\t\t\t<\/div>\n\t\t\t\t<div class=\"elementor-element elementor-element-e07f4e6 elementor-widget elementor-widget-text-editor\" data-id=\"e07f4e6\" data-element_type=\"widget\" data-widget_type=\"text-editor.default\">\n\t\t\t\t<div class=\"elementor-widget-container\">\n\t\t\t\t\t\t\t<p>Un dressing est unique, c\u2019est pourquoi il est important de bien le penser et r\u00e9fl\u00e9chir \u00e0 vos besoins. Pour satisfaire vos envies, nous int\u00e9grons \u00e0 vos rangements sur-mesure les <b>\u00e9l\u00e9ments de votre choix<\/b> : \u00e9tag\u00e8res, tringles et penderies pour suspendre vos effets personnels, ou encore colonnes de rangements, compos\u00e9es de casiers et de tablettes fixes ou mobiles. \u00c0 ces \u00e9l\u00e9ments peuvent s\u2019ajouter de multiples niches et tiroirs, dans le but de <b>vous simplifier la vie<\/b> !<\/p>\t\t\t\t\t\t<\/div>\n\t\t\t\t<\/div>\n\t\t\t\t\t<\/div>\n\t\t<\/div>\n\t\t\t\t\t<\/div>\n\t\t<\/section>\n\t\t\t\t<div class=\"elementor-element elementor-element-183c312 elementor-widget elementor-widget-image\" data-id=\"183c312\" data-element_type=\"widget\" data-widget_type=\"image.default\">\n\t\t\t\t<div class=\"elementor-widget-container\">\n\t\t\t\t\t\t\t\t\t\t<figure class=\"wp-caption\">\n\t\t\t\t\t\t\t\t\t\t<img decoding=\"async\" width=\"1024\" height=\"573\" src=\"https:\/\/menuiserie-louisjallet.fr\/wp-content\/uploads\/2021\/06\/Placards-battants-ou-coulissants-sur-mesure-\u00a9Louis-Jallet-1024x573.png\" class=\"attachment-large size-large wp-image-2615\" alt=\"\" srcset=\"https:\/\/menuiserie-louisjallet.fr\/wp-content\/uploads\/2021\/06\/Placards-battants-ou-coulissants-sur-mesure-\u00a9Louis-Jallet-1024x573.png 1024w, https:\/\/menuiserie-louisjallet.fr\/wp-content\/uploads\/2021\/06\/Placards-battants-ou-coulissants-sur-mesure-\u00a9Louis-Jallet-300x168.png 300w, https:\/\/menuiserie-louisjallet.fr\/wp-content\/uploads\/2021\/06\/Placards-battants-ou-coulissants-sur-mesure-\u00a9Louis-Jallet-768x430.png 768w, https:\/\/menuiserie-louisjallet.fr\/wp-content\/uploads\/2021\/06\/Placards-battants-ou-coulissants-sur-mesure-\u00a9Louis-Jallet-1536x860.png 1536w, https:\/\/menuiserie-louisjallet.fr\/wp-content\/uploads\/2021\/06\/Placards-battants-ou-coulissants-sur-mesure-\u00a9Louis-Jallet.png 1999w\" sizes=\"(max-width: 1024px) 100vw, 1024px\" \/>\t\t\t\t\t\t\t\t\t\t\t<figcaption class=\"widget-image-caption wp-caption-text\">Placards battants ou coulissants sur-mesure \u00a9Louis Jallet<\/figcaption>\n\t\t\t\t\t\t\t\t\t\t<\/figure>\n\t\t\t\t\t\t\t<\/div>\n\t\t\t\t<\/div>\n\t\t\t\t<div class=\"elementor-element elementor-element-6dd7547 elementor-widget elementor-widget-spacer\" data-id=\"6dd7547\" data-element_type=\"widget\" data-widget_type=\"spacer.default\">\n\t\t\t\t<div class=\"elementor-widget-container\">\n\t\t\t\t\t<div class=\"elementor-spacer\">\n\t\t\t<div class=\"elementor-spacer-inner\"><\/div>\n\t\t<\/div>\n\t\t\t\t<\/div>\n\t\t\t\t<\/div>\n\t\t\t\t\t<\/div>\n\t\t<\/div>\n\t\t\t\t\t<\/div>\n\t\t<\/section>\n\t\t\t\t<section class=\"elementor-section elementor-top-section elementor-element elementor-element-4157fde elementor-section-boxed elementor-section-height-default elementor-section-height-default\" data-id=\"4157fde\" data-element_type=\"section\">\n\t\t\t\t\t\t<div class=\"elementor-container elementor-column-gap-default\">\n\t\t\t\t\t<div class=\"elementor-column elementor-col-100 elementor-top-column elementor-element elementor-element-5078cb0\" data-id=\"5078cb0\" data-element_type=\"column\">\n\t\t\t<div class=\"elementor-widget-wrap elementor-element-populated\">\n\t\t\t\t\t\t<div class=\"elementor-element elementor-element-f8e9213 elementor-widget elementor-widget-heading\" data-id=\"f8e9213\" data-element_type=\"widget\" data-widget_type=\"heading.default\">\n\t\t\t\t<div class=\"elementor-widget-container\">\n\t\t\t<h2 class=\"elementor-heading-title elementor-size-default\">Rangements et \u00e9l\u00e9ments sur-mesure : quelles autres options ?<\/h2>\t\t<\/div>\n\t\t\t\t<\/div>\n\t\t\t\t<div class=\"elementor-element elementor-element-2ff2694 elementor-widget elementor-widget-text-editor\" data-id=\"2ff2694\" data-element_type=\"widget\" data-widget_type=\"text-editor.default\">\n\t\t\t\t<div class=\"elementor-widget-container\">\n\t\t\t\t\t\t\t<p>On pense souvent \u00e0 cr\u00e9er des rangements dans une chambre, mais n\u2019oubliez pas qu\u2019il est possible d\u2019<b>optimiser chaque espace <\/b>dans votre habitation : am\u00e9nagement sous les combles, un bureau, une pi\u00e8ce \u00e0 part, une buanderie, un couloir. Nous vous proposons aussi des id\u00e9es astucieuses pour <b>organiser et d\u00e9limiter<\/b> vos espaces.<\/p>\t\t\t\t\t\t<\/div>\n\t\t\t\t<\/div>\n\t\t\t\t<div class=\"elementor-element elementor-element-8b0eae6 elementor-widget elementor-widget-heading\" data-id=\"8b0eae6\" data-element_type=\"widget\" data-widget_type=\"heading.default\">\n\t\t\t\t<div class=\"elementor-widget-container\">\n\t\t\t<h3 class=\"elementor-heading-title elementor-size-default\">Mobilier de rangement<\/h3>\t\t<\/div>\n\t\t\t\t<\/div>\n\t\t\t\t<div class=\"elementor-element elementor-element-fa18488 elementor-widget elementor-widget-text-editor\" data-id=\"fa18488\" data-element_type=\"widget\" data-widget_type=\"text-editor.default\">\n\t\t\t\t<div class=\"elementor-widget-container\">\n\t\t\t\t\t\t\t<p>En termes de rangement, tout se joue sur les <b>d\u00e9tails et les fonctionnalit\u00e9s bien pens\u00e9es<\/b>. Nous pouvons vous proposer par exemple un am\u00e9nagement de placards avec emplacement TV int\u00e9gr\u00e9, des placards dissimul\u00e9s sous un escalier, une t\u00eate de lit sur-mesure avec chevets int\u00e9gr\u00e9s et niches de rangement, ou encore un bureau ou des rayonnages sur-mesure.<\/p><p>N\u2019h\u00e9sitez pas \u00e0 aller d\u00e9couvrir nos diff\u00e9rentes <a href=\"https:\/\/menuiserie-louisjallet.fr\/index.php\/nos-realisations-agencements-interieurs\/\" target=\"_blank\" rel=\"noopener\"><b>r\u00e9alisations d\u2019agencements int\u00e9rieurs<\/b><\/a>.<span class=\"Apple-converted-space\">\u00a0<\/span><\/p>\t\t\t\t\t\t<\/div>\n\t\t\t\t<\/div>\n\t\t\t\t<section class=\"elementor-section elementor-inner-section elementor-element elementor-element-2628a83 elementor-section-boxed elementor-section-height-default elementor-section-height-default\" data-id=\"2628a83\" data-element_type=\"section\">\n\t\t\t\t\t\t<div class=\"elementor-container elementor-column-gap-default\">\n\t\t\t\t\t<div class=\"elementor-column elementor-col-50 elementor-inner-column elementor-element elementor-element-8e5f8b9\" data-id=\"8e5f8b9\" data-element_type=\"column\">\n\t\t\t<div class=\"elementor-widget-wrap elementor-element-populated\">\n\t\t\t\t\t\t<div class=\"elementor-element elementor-element-8378693 elementor-widget elementor-widget-image\" data-id=\"8378693\" data-element_type=\"widget\" data-widget_type=\"image.default\">\n\t\t\t\t<div class=\"elementor-widget-container\">\n\t\t\t\t\t\t\t\t\t\t<figure class=\"wp-caption\">\n\t\t\t\t\t\t\t\t\t\t<img decoding=\"async\" width=\"1024\" height=\"911\" src=\"https:\/\/menuiserie-louisjallet.fr\/wp-content\/uploads\/2021\/06\/Placards-avec-emplacement-TV-\u00a9Louis-Jallet-1024x911.png\" class=\"attachment-large size-large wp-image-2620\" alt=\"\" srcset=\"https:\/\/menuiserie-louisjallet.fr\/wp-content\/uploads\/2021\/06\/Placards-avec-emplacement-TV-\u00a9Louis-Jallet-1024x911.png 1024w, https:\/\/menuiserie-louisjallet.fr\/wp-content\/uploads\/2021\/06\/Placards-avec-emplacement-TV-\u00a9Louis-Jallet-300x267.png 300w, https:\/\/menuiserie-louisjallet.fr\/wp-content\/uploads\/2021\/06\/Placards-avec-emplacement-TV-\u00a9Louis-Jallet-768x683.png 768w, https:\/\/menuiserie-louisjallet.fr\/wp-content\/uploads\/2021\/06\/Placards-avec-emplacement-TV-\u00a9Louis-Jallet-1536x1366.png 1536w, https:\/\/menuiserie-louisjallet.fr\/wp-content\/uploads\/2021\/06\/Placards-avec-emplacement-TV-\u00a9Louis-Jallet.png 1799w\" sizes=\"(max-width: 1024px) 100vw, 1024px\" \/>\t\t\t\t\t\t\t\t\t\t\t<figcaption class=\"widget-image-caption wp-caption-text\">Placards avec emplacement TV \u00a9Louis Jallet<\/figcaption>\n\t\t\t\t\t\t\t\t\t\t<\/figure>\n\t\t\t\t\t\t\t<\/div>\n\t\t\t\t<\/div>\n\t\t\t\t\t<\/div>\n\t\t<\/div>\n\t\t\t\t<div class=\"elementor-column elementor-col-50 elementor-inner-column elementor-element elementor-element-87d6227\" data-id=\"87d6227\" data-element_type=\"column\">\n\t\t\t<div class=\"elementor-widget-wrap elementor-element-populated\">\n\t\t\t\t\t\t<div class=\"elementor-element elementor-element-3a1ba47 elementor-widget elementor-widget-image\" data-id=\"3a1ba47\" data-element_type=\"widget\" data-widget_type=\"image.default\">\n\t\t\t\t<div class=\"elementor-widget-container\">\n\t\t\t\t\t\t\t\t\t\t<figure class=\"wp-caption\">\n\t\t\t\t\t\t\t\t\t\t<img loading=\"lazy\" decoding=\"async\" width=\"1024\" height=\"910\" src=\"https:\/\/menuiserie-louisjallet.fr\/wp-content\/uploads\/2021\/06\/Placards-sous-escalier-\u00a9Louis-Jallet-1024x910.png\" class=\"attachment-large size-large wp-image-2621\" alt=\"Placards sous escalier \u00a9Louis Jallet\" srcset=\"https:\/\/menuiserie-louisjallet.fr\/wp-content\/uploads\/2021\/06\/Placards-sous-escalier-\u00a9Louis-Jallet-1024x910.png 1024w, https:\/\/menuiserie-louisjallet.fr\/wp-content\/uploads\/2021\/06\/Placards-sous-escalier-\u00a9Louis-Jallet-300x267.png 300w, https:\/\/menuiserie-louisjallet.fr\/wp-content\/uploads\/2021\/06\/Placards-sous-escalier-\u00a9Louis-Jallet-768x682.png 768w, https:\/\/menuiserie-louisjallet.fr\/wp-content\/uploads\/2021\/06\/Placards-sous-escalier-\u00a9Louis-Jallet-1536x1365.png 1536w, https:\/\/menuiserie-louisjallet.fr\/wp-content\/uploads\/2021\/06\/Placards-sous-escalier-\u00a9Louis-Jallet.png 1801w\" sizes=\"(max-width: 1024px) 100vw, 1024px\" \/>\t\t\t\t\t\t\t\t\t\t\t<figcaption class=\"widget-image-caption wp-caption-text\">Placards sous escalier \u00a9Louis Jallet<\/figcaption>\n\t\t\t\t\t\t\t\t\t\t<\/figure>\n\t\t\t\t\t\t\t<\/div>\n\t\t\t\t<\/div>\n\t\t\t\t\t<\/div>\n\t\t<\/div>\n\t\t\t\t\t<\/div>\n\t\t<\/section>\n\t\t\t\t<div class=\"elementor-element elementor-element-a02f875 elementor-widget elementor-widget-spacer\" data-id=\"a02f875\" data-element_type=\"widget\" data-widget_type=\"spacer.default\">\n\t\t\t\t<div class=\"elementor-widget-container\">\n\t\t\t\t\t<div class=\"elementor-spacer\">\n\t\t\t<div class=\"elementor-spacer-inner\"><\/div>\n\t\t<\/div>\n\t\t\t\t<\/div>\n\t\t\t\t<\/div>\n\t\t\t\t<div class=\"elementor-element elementor-element-2a6b8ea elementor-widget elementor-widget-heading\" data-id=\"2a6b8ea\" data-element_type=\"widget\" data-widget_type=\"heading.default\">\n\t\t\t\t<div class=\"elementor-widget-container\">\n\t\t\t<h3 class=\"elementor-heading-title elementor-size-default\">S\u00e9parations et cloisons vitr\u00e9es<\/h3>\t\t<\/div>\n\t\t\t\t<\/div>\n\t\t\t\t<div class=\"elementor-element elementor-element-e059e6c elementor-widget elementor-widget-text-editor\" data-id=\"e059e6c\" data-element_type=\"widget\" data-widget_type=\"text-editor.default\">\n\t\t\t\t<div class=\"elementor-widget-container\">\n\t\t\t\t\t\t\t<p>Nos <b>cloisons et portes vitr\u00e9es de type verri\u00e8re<\/b> apporteront une touche design \u00e0 vos int\u00e9rieurs, et sont des \u00e9l\u00e9ments de d\u00e9coration \u00e0 part enti\u00e8re. Ces s\u00e9parations sont disponibles en deux versions : <b>ch\u00e2ssis fixe ou porte coulissante \u00e0 galandage<\/b> (cette deuxi\u00e8me option permettant gain de place et discr\u00e9tion avec une porte qui se dissimule dans la cloison). Elles peuvent d\u00e9limiter les espaces dans n\u2019importe quelle pi\u00e8ce de votre maison (pi\u00e8ce \u00e0 vivre, salon, chambre ou m\u00eame salle de bain). Ces parois de type verri\u00e8re sont disponibles dans plusieurs coloris. Elles apporteront \u00e0 votre int\u00e9rieur une touche tr\u00e8s tendance, un esprit \u00ab\u00a0atelier\u00a0\u00bb ou plus contemporain. Enfin, ces cloisons ont l\u2019avantage de pr\u00e9server la perspective, de d\u00e9limiter l\u2019espace, tout en <b>apportant de la lumi\u00e8re<\/b>.<\/p>\t\t\t\t\t\t<\/div>\n\t\t\t\t<\/div>\n\t\t\t\t\t<\/div>\n\t\t<\/div>\n\t\t\t\t\t<\/div>\n\t\t<\/section>\n\t\t\t\t<section class=\"elementor-section elementor-top-section elementor-element elementor-element-f57bc50 elementor-section-boxed elementor-section-height-default elementor-section-height-default\" data-id=\"f57bc50\" data-element_type=\"section\">\n\t\t\t\t\t\t<div class=\"elementor-container elementor-column-gap-default\">\n\t\t\t\t\t<div class=\"elementor-column elementor-col-100 elementor-top-column elementor-element elementor-element-a583f1a\" data-id=\"a583f1a\" data-element_type=\"column\">\n\t\t\t<div class=\"elementor-widget-wrap elementor-element-populated\">\n\t\t\t\t\t\t<div class=\"elementor-element elementor-element-e477020 elementor-widget elementor-widget-image\" data-id=\"e477020\" data-element_type=\"widget\" data-widget_type=\"image.default\">\n\t\t\t\t<div class=\"elementor-widget-container\">\n\t\t\t\t\t\t\t\t\t\t<figure class=\"wp-caption\">\n\t\t\t\t\t\t\t\t\t\t<img loading=\"lazy\" decoding=\"async\" width=\"1024\" height=\"436\" src=\"https:\/\/menuiserie-louisjallet.fr\/wp-content\/uploads\/2021\/06\/Verrieres-\u00a9NEVES-1024x436.png\" class=\"attachment-large size-large wp-image-2622\" alt=\"Verri\u00e8res \u00a9NEVES\" srcset=\"https:\/\/menuiserie-louisjallet.fr\/wp-content\/uploads\/2021\/06\/Verrieres-\u00a9NEVES-1024x436.png 1024w, https:\/\/menuiserie-louisjallet.fr\/wp-content\/uploads\/2021\/06\/Verrieres-\u00a9NEVES-300x128.png 300w, https:\/\/menuiserie-louisjallet.fr\/wp-content\/uploads\/2021\/06\/Verrieres-\u00a9NEVES-768x327.png 768w, https:\/\/menuiserie-louisjallet.fr\/wp-content\/uploads\/2021\/06\/Verrieres-\u00a9NEVES-1536x654.png 1536w, https:\/\/menuiserie-louisjallet.fr\/wp-content\/uploads\/2021\/06\/Verrieres-\u00a9NEVES.png 2000w\" sizes=\"(max-width: 1024px) 100vw, 1024px\" \/>\t\t\t\t\t\t\t\t\t\t\t<figcaption class=\"widget-image-caption wp-caption-text\">Verri\u00e8res \u00a9NEVES<\/figcaption>\n\t\t\t\t\t\t\t\t\t\t<\/figure>\n\t\t\t\t\t\t\t<\/div>\n\t\t\t\t<\/div>\n\t\t\t\t\t<\/div>\n\t\t<\/div>\n\t\t\t\t\t<\/div>\n\t\t<\/section>\n\t\t\t\t<section class=\"elementor-section elementor-top-section elementor-element elementor-element-ea66dce elementor-section-boxed elementor-section-height-default elementor-section-height-default\" data-id=\"ea66dce\" data-element_type=\"section\">\n\t\t\t\t\t\t<div class=\"elementor-container elementor-column-gap-default\">\n\t\t\t\t\t<div class=\"elementor-column elementor-col-100 elementor-top-column elementor-element elementor-element-4db8e70\" data-id=\"4db8e70\" data-element_type=\"column\">\n\t\t\t<div class=\"elementor-widget-wrap elementor-element-populated\">\n\t\t\t\t\t\t<div class=\"elementor-element elementor-element-4807842 elementor-widget elementor-widget-text-editor\" data-id=\"4807842\" data-element_type=\"widget\" data-widget_type=\"text-editor.default\">\n\t\t\t\t<div class=\"elementor-widget-container\">\n\t\t\t\t\t\t\t<p><strong>Vous souhaitez investir dans <a href=\"https:\/\/menuiserie-louisjallet.fr\/index.php\/prestations-louis-jallet-agencements-interieurs\/\" target=\"_blank\" rel=\"noopener\">un dressing, des am\u00e9nagements sur-mesure ou une cloison de type verri\u00e8re<\/a> ? Vous avez des questions ? Contactez-nous ! Nous vous guiderons vers le meilleur choix en fonction de votre habitation.<\/strong><\/p>\t\t\t\t\t\t<\/div>\n\t\t\t\t<\/div>\n\t\t\t\t\t<\/div>\n\t\t<\/div>\n\t\t\t\t\t<\/div>\n\t\t<\/section>\n\t\t\t\t<section class=\"elementor-section elementor-top-section elementor-element elementor-element-814d3cf elementor-section-boxed elementor-section-height-default elementor-section-height-default\" data-id=\"814d3cf\" data-element_type=\"section\">\n\t\t\t\t\t\t<div class=\"elementor-container elementor-column-gap-default\">\n\t\t\t\t\t<div class=\"elementor-column elementor-col-100 elementor-top-column elementor-element elementor-element-de249b2\" data-id=\"de249b2\" data-element_type=\"column\">\n\t\t\t<div class=\"elementor-widget-wrap elementor-element-populated\">\n\t\t\t\t\t\t<div class=\"elementor-element elementor-element-cf40877 elementor-widget elementor-widget-elementskit-button\" data-id=\"cf40877\" data-element_type=\"widget\" data-widget_type=\"elementskit-button.default\">\n\t\t\t\t<div class=\"elementor-widget-container\">\n\t\t\t<div class=\"ekit-wid-con\" >\t\t<div class=\"ekit-btn-wraper\">\n\t\t\t\t\t\t\t<a href=\"https:\/\/menuiserie-louisjallet.fr\/index.php\/contact-etablissements-louis-jallet\/\" class=\"elementskit-btn  whitespace--normal\" id=\"\">\n\t\t\t\t\tNous contacter<i aria-hidden=\"true\" class=\"far fa-envelope\"><\/i>\t\t\t\t<\/a>\n\t\t\t\t\t<\/div>\n        <\/div>\t\t<\/div>\n\t\t\t\t<\/div>\n\t\t\t\t\t<\/div>\n\t\t<\/div>\n\t\t\t\t\t<\/div>\n\t\t<\/section>\n\t\t\t\t<section class=\"elementor-section elementor-top-section elementor-element elementor-element-365c966 elementor-section-boxed elementor-section-height-default elementor-section-height-default\" data-id=\"365c966\" data-element_type=\"section\">\n\t\t\t\t\t\t<div class=\"elementor-container elementor-column-gap-default\">\n\t\t\t\t\t<div class=\"elementor-column elementor-col-100 elementor-top-column elementor-element elementor-element-9418b87\" data-id=\"9418b87\" data-element_type=\"column\">\n\t\t\t<div class=\"elementor-widget-wrap elementor-element-populated\">\n\t\t\t\t\t\t<div class=\"elementor-element elementor-element-cd646aa elementor-widget elementor-widget-spacer\" data-id=\"cd646aa\" data-element_type=\"widget\" data-widget_type=\"spacer.default\">\n\t\t\t\t<div class=\"elementor-widget-container\">\n\t\t\t\t\t<div class=\"elementor-spacer\">\n\t\t\t<div class=\"elementor-spacer-inner\"><\/div>\n\t\t<\/div>\n\t\t\t\t<\/div>\n\t\t\t\t<\/div>\n\t\t\t\t\t<\/div>\n\t\t<\/div>\n\t\t\t\t\t<\/div>\n\t\t<\/section>\n\t\t\t\t<\/div>\n\t\t","protected":false},"excerpt":{"rendered":"<p>Vous souhaitez am\u00e9nager votre maison en lui offrant plus de rangements ? Nous pouvons vous accompagner dans la conception, la cr\u00e9ation et la pose de vos espaces de rangements. Nous vous livrons dans cet article nos conseils et solutions pour des \u00e9l\u00e9ments  sur-mesure qui s\u2019adaptent \u00e0 vos espaces, vos go\u00fbts et votre budget.<\/p>\n","protected":false},"author":1,"featured_media":2739,"comment_status":"open","ping_status":"open","sticky":false,"template":"elementor_header_footer","format":"standard","meta":{"neve_meta_sidebar":"","neve_meta_container":"","neve_meta_enable_content_width":"","neve_meta_content_width":0,"neve_meta_title_alignment":"","neve_meta_author_avatar":"","neve_post_elements_order":"","neve_meta_disable_header":"","neve_meta_disable_footer":"","neve_meta_disable_title":"","footnotes":""},"categories":[1],"tags":[],"class_list":["post-2603","post","type-post","status-publish","format-standard","has-post-thumbnail","hentry","category-uncategorized"],"yoast_head":"<!-- This site is optimized with the Yoast SEO plugin v22.6 - https:\/\/yoast.com\/wordpress\/plugins\/seo\/ -->\n<title>Placards, dressings et \u00e9l\u00e9ments sur mesure - Louis Jallet<\/title>\n<meta name=\"description\" content=\"Placards, dressings et \u00e9l\u00e9ments sur mesure : nous vous accompagnons dans la conception, la cr\u00e9ation et la pose de vos espaces de rangements.\" \/>\n<meta name=\"robots\" content=\"index, follow, max-snippet:-1, max-image-preview:large, max-video-preview:-1\" \/>\n<link rel=\"canonical\" href=\"https:\/\/menuiserie-louisjallet.fr\/index.php\/2021\/06\/25\/placards-dressings-sur-mesure\/\" \/>\n<meta property=\"og:locale\" content=\"fr_FR\" \/>\n<meta property=\"og:type\" content=\"article\" \/>\n<meta property=\"og:title\" content=\"Placards, dressings et \u00e9l\u00e9ments sur mesure - Louis Jallet\" \/>\n<meta property=\"og:description\" content=\"Placards, dressings et \u00e9l\u00e9ments sur mesure : nous vous accompagnons dans la conception, la cr\u00e9ation et la pose de vos espaces de rangements.\" \/>\n<meta property=\"og:url\" content=\"https:\/\/menuiserie-louisjallet.fr\/index.php\/2021\/06\/25\/placards-dressings-sur-mesure\/\" \/>\n<meta property=\"og:site_name\" content=\"\u00c9tablissements Louis Jallet | Charpentes et Menuiseries \u00e0 Nercillac depuis 1938\" \/>\n<meta property=\"article:published_time\" content=\"2021-06-25T14:59:46+00:00\" \/>\n<meta property=\"article:modified_time\" content=\"2021-06-29T18:00:24+00:00\" \/>\n<meta property=\"og:image\" content=\"https:\/\/menuiserie-louisjallet.fr\/wp-content\/uploads\/2021\/06\/Verriere-\u00a9NEVES.png\" \/>\n\t<meta property=\"og:image:width\" content=\"1121\" \/>\n\t<meta property=\"og:image:height\" content=\"776\" \/>\n\t<meta property=\"og:image:type\" content=\"image\/png\" \/>\n<meta name=\"author\" content=\"\u00c9tablissements Louis Jallet\" \/>\n<meta name=\"twitter:card\" content=\"summary_large_image\" \/>\n<meta name=\"twitter:label1\" content=\"\u00c9crit par\" \/>\n\t<meta name=\"twitter:data1\" content=\"\u00c9tablissements Louis Jallet\" \/>\n\t<meta name=\"twitter:label2\" content=\"Dur\u00e9e de lecture estim\u00e9e\" \/>\n\t<meta name=\"twitter:data2\" content=\"6 minutes\" \/>\n<script type=\"application\/ld+json\" class=\"yoast-schema-graph\">{\"@context\":\"https:\/\/schema.org\",\"@graph\":[{\"@type\":\"Article\",\"@id\":\"https:\/\/menuiserie-louisjallet.fr\/index.php\/2021\/06\/25\/placards-dressings-sur-mesure\/#article\",\"isPartOf\":{\"@id\":\"https:\/\/menuiserie-louisjallet.fr\/index.php\/2021\/06\/25\/placards-dressings-sur-mesure\/\"},\"author\":{\"name\":\"\u00c9tablissements Louis Jallet\",\"@id\":\"https:\/\/menuiserie-louisjallet.fr\/#\/schema\/person\/e24cb7a5d33134a0cb08ca0c102ad9d8\"},\"headline\":\"Placards, dressings et \u00e9l\u00e9ments sur-mesure : ils vous faciliteront la vie !\",\"datePublished\":\"2021-06-25T14:59:46+00:00\",\"dateModified\":\"2021-06-29T18:00:24+00:00\",\"mainEntityOfPage\":{\"@id\":\"https:\/\/menuiserie-louisjallet.fr\/index.php\/2021\/06\/25\/placards-dressings-sur-mesure\/\"},\"wordCount\":1123,\"commentCount\":0,\"publisher\":{\"@id\":\"https:\/\/menuiserie-louisjallet.fr\/#organization\"},\"image\":{\"@id\":\"https:\/\/menuiserie-louisjallet.fr\/index.php\/2021\/06\/25\/placards-dressings-sur-mesure\/#primaryimage\"},\"thumbnailUrl\":\"https:\/\/menuiserie-louisjallet.fr\/wp-content\/uploads\/2021\/06\/Verriere-\u00a9NEVES.png\",\"articleSection\":[\"Uncategorized\"],\"inLanguage\":\"fr-FR\",\"potentialAction\":[{\"@type\":\"CommentAction\",\"name\":\"Comment\",\"target\":[\"https:\/\/menuiserie-louisjallet.fr\/index.php\/2021\/06\/25\/placards-dressings-sur-mesure\/#respond\"]}]},{\"@type\":\"WebPage\",\"@id\":\"https:\/\/menuiserie-louisjallet.fr\/index.php\/2021\/06\/25\/placards-dressings-sur-mesure\/\",\"url\":\"https:\/\/menuiserie-louisjallet.fr\/index.php\/2021\/06\/25\/placards-dressings-sur-mesure\/\",\"name\":\"Placards, dressings et \u00e9l\u00e9ments sur mesure - Louis Jallet\",\"isPartOf\":{\"@id\":\"https:\/\/menuiserie-louisjallet.fr\/#website\"},\"primaryImageOfPage\":{\"@id\":\"https:\/\/menuiserie-louisjallet.fr\/index.php\/2021\/06\/25\/placards-dressings-sur-mesure\/#primaryimage\"},\"image\":{\"@id\":\"https:\/\/menuiserie-louisjallet.fr\/index.php\/2021\/06\/25\/placards-dressings-sur-mesure\/#primaryimage\"},\"thumbnailUrl\":\"https:\/\/menuiserie-louisjallet.fr\/wp-content\/uploads\/2021\/06\/Verriere-\u00a9NEVES.png\",\"datePublished\":\"2021-06-25T14:59:46+00:00\",\"dateModified\":\"2021-06-29T18:00:24+00:00\",\"description\":\"Placards, dressings et \u00e9l\u00e9ments sur mesure : nous vous accompagnons dans la conception, la cr\u00e9ation et la pose de vos espaces de rangements.\",\"breadcrumb\":{\"@id\":\"https:\/\/menuiserie-louisjallet.fr\/index.php\/2021\/06\/25\/placards-dressings-sur-mesure\/#breadcrumb\"},\"inLanguage\":\"fr-FR\",\"potentialAction\":[{\"@type\":\"ReadAction\",\"target\":[\"https:\/\/menuiserie-louisjallet.fr\/index.php\/2021\/06\/25\/placards-dressings-sur-mesure\/\"]}]},{\"@type\":\"ImageObject\",\"inLanguage\":\"fr-FR\",\"@id\":\"https:\/\/menuiserie-louisjallet.fr\/index.php\/2021\/06\/25\/placards-dressings-sur-mesure\/#primaryimage\",\"url\":\"https:\/\/menuiserie-louisjallet.fr\/wp-content\/uploads\/2021\/06\/Verriere-\u00a9NEVES.png\",\"contentUrl\":\"https:\/\/menuiserie-louisjallet.fr\/wp-content\/uploads\/2021\/06\/Verriere-\u00a9NEVES.png\",\"width\":1121,\"height\":776,\"caption\":\"Verri\u00e8re \u00a9NEVES\"},{\"@type\":\"BreadcrumbList\",\"@id\":\"https:\/\/menuiserie-louisjallet.fr\/index.php\/2021\/06\/25\/placards-dressings-sur-mesure\/#breadcrumb\",\"itemListElement\":[{\"@type\":\"ListItem\",\"position\":1,\"name\":\"Accueil\",\"item\":\"https:\/\/menuiserie-louisjallet.fr\/\"},{\"@type\":\"ListItem\",\"position\":2,\"name\":\"Placards, dressings et \u00e9l\u00e9ments sur-mesure : ils vous faciliteront la vie !\"}]},{\"@type\":\"WebSite\",\"@id\":\"https:\/\/menuiserie-louisjallet.fr\/#website\",\"url\":\"https:\/\/menuiserie-louisjallet.fr\/\",\"name\":\"\u00c9tablissements Louis Jallet | Charpentes et Menuiseries \u00e0 Nercillac depuis 1938\",\"description\":\"\u00c9tablissements Louis Jallet | Charpentes et Menuiseries\",\"publisher\":{\"@id\":\"https:\/\/menuiserie-louisjallet.fr\/#organization\"},\"potentialAction\":[{\"@type\":\"SearchAction\",\"target\":{\"@type\":\"EntryPoint\",\"urlTemplate\":\"https:\/\/menuiserie-louisjallet.fr\/?s={search_term_string}\"},\"query-input\":\"required name=search_term_string\"}],\"inLanguage\":\"fr-FR\"},{\"@type\":\"Organization\",\"@id\":\"https:\/\/menuiserie-louisjallet.fr\/#organization\",\"name\":\"\u00c9tablissements Louis Jallet\",\"url\":\"https:\/\/menuiserie-louisjallet.fr\/\",\"logo\":{\"@type\":\"ImageObject\",\"inLanguage\":\"fr-FR\",\"@id\":\"https:\/\/menuiserie-louisjallet.fr\/#\/schema\/logo\/image\/\",\"url\":\"https:\/\/menuiserie-louisjallet.fr\/wp-content\/uploads\/2021\/06\/Logo-LOUIS-JALLET-carre.png\",\"contentUrl\":\"https:\/\/menuiserie-louisjallet.fr\/wp-content\/uploads\/2021\/06\/Logo-LOUIS-JALLET-carre.png\",\"width\":500,\"height\":500,\"caption\":\"\u00c9tablissements Louis Jallet\"},\"image\":{\"@id\":\"https:\/\/menuiserie-louisjallet.fr\/#\/schema\/logo\/image\/\"}},{\"@type\":\"Person\",\"@id\":\"https:\/\/menuiserie-louisjallet.fr\/#\/schema\/person\/e24cb7a5d33134a0cb08ca0c102ad9d8\",\"name\":\"\u00c9tablissements Louis Jallet\",\"image\":{\"@type\":\"ImageObject\",\"inLanguage\":\"fr-FR\",\"@id\":\"https:\/\/menuiserie-louisjallet.fr\/#\/schema\/person\/image\/\",\"url\":\"https:\/\/secure.gravatar.com\/avatar\/b39e5bb0aba7ab68c8da6a552011def21c7ef3534764f19fad903a2b53b6c675?s=96&d=mm&r=g\",\"contentUrl\":\"https:\/\/secure.gravatar.com\/avatar\/b39e5bb0aba7ab68c8da6a552011def21c7ef3534764f19fad903a2b53b6c675?s=96&d=mm&r=g\",\"caption\":\"\u00c9tablissements Louis Jallet\"},\"sameAs\":[\"http:\/\/menuiserie-louisjallet.fr\"],\"url\":\"https:\/\/menuiserie-louisjallet.fr\/index.php\/author\/juliette-gjlive-fr\/\"}]}<\/script>\n<!-- \/ Yoast SEO plugin. -->","yoast_head_json":{"title":"Placards, dressings et \u00e9l\u00e9ments sur mesure - Louis Jallet","description":"Placards, dressings et \u00e9l\u00e9ments sur mesure : nous vous accompagnons dans la conception, la cr\u00e9ation et la pose de vos espaces de rangements.","robots":{"index":"index","follow":"follow","max-snippet":"max-snippet:-1","max-image-preview":"max-image-preview:large","max-video-preview":"max-video-preview:-1"},"canonical":"https:\/\/menuiserie-louisjallet.fr\/index.php\/2021\/06\/25\/placards-dressings-sur-mesure\/","og_locale":"fr_FR","og_type":"article","og_title":"Placards, dressings et \u00e9l\u00e9ments sur mesure - Louis Jallet","og_description":"Placards, dressings et \u00e9l\u00e9ments sur mesure : nous vous accompagnons dans la conception, la cr\u00e9ation et la pose de vos espaces de rangements.","og_url":"https:\/\/menuiserie-louisjallet.fr\/index.php\/2021\/06\/25\/placards-dressings-sur-mesure\/","og_site_name":"\u00c9tablissements Louis Jallet | Charpentes et Menuiseries \u00e0 Nercillac depuis 1938","article_published_time":"2021-06-25T14:59:46+00:00","article_modified_time":"2021-06-29T18:00:24+00:00","og_image":[{"width":1121,"height":776,"url":"https:\/\/menuiserie-louisjallet.fr\/wp-content\/uploads\/2021\/06\/Verriere-\u00a9NEVES.png","type":"image\/png"}],"author":"\u00c9tablissements Louis Jallet","twitter_card":"summary_large_image","twitter_misc":{"\u00c9crit par":"\u00c9tablissements Louis Jallet","Dur\u00e9e de lecture estim\u00e9e":"6 minutes"},"schema":{"@context":"https:\/\/schema.org","@graph":[{"@type":"Article","@id":"https:\/\/menuiserie-louisjallet.fr\/index.php\/2021\/06\/25\/placards-dressings-sur-mesure\/#article","isPartOf":{"@id":"https:\/\/menuiserie-louisjallet.fr\/index.php\/2021\/06\/25\/placards-dressings-sur-mesure\/"},"author":{"name":"\u00c9tablissements Louis Jallet","@id":"https:\/\/menuiserie-louisjallet.fr\/#\/schema\/person\/e24cb7a5d33134a0cb08ca0c102ad9d8"},"headline":"Placards, dressings et \u00e9l\u00e9ments sur-mesure : ils vous faciliteront la vie !","datePublished":"2021-06-25T14:59:46+00:00","dateModified":"2021-06-29T18:00:24+00:00","mainEntityOfPage":{"@id":"https:\/\/menuiserie-louisjallet.fr\/index.php\/2021\/06\/25\/placards-dressings-sur-mesure\/"},"wordCount":1123,"commentCount":0,"publisher":{"@id":"https:\/\/menuiserie-louisjallet.fr\/#organization"},"image":{"@id":"https:\/\/menuiserie-louisjallet.fr\/index.php\/2021\/06\/25\/placards-dressings-sur-mesure\/#primaryimage"},"thumbnailUrl":"https:\/\/menuiserie-louisjallet.fr\/wp-content\/uploads\/2021\/06\/Verriere-\u00a9NEVES.png","articleSection":["Uncategorized"],"inLanguage":"fr-FR","potentialAction":[{"@type":"CommentAction","name":"Comment","target":["https:\/\/menuiserie-louisjallet.fr\/index.php\/2021\/06\/25\/placards-dressings-sur-mesure\/#respond"]}]},{"@type":"WebPage","@id":"https:\/\/menuiserie-louisjallet.fr\/index.php\/2021\/06\/25\/placards-dressings-sur-mesure\/","url":"https:\/\/menuiserie-louisjallet.fr\/index.php\/2021\/06\/25\/placards-dressings-sur-mesure\/","name":"Placards, dressings et \u00e9l\u00e9ments sur mesure - Louis Jallet","isPartOf":{"@id":"https:\/\/menuiserie-louisjallet.fr\/#website"},"primaryImageOfPage":{"@id":"https:\/\/menuiserie-louisjallet.fr\/index.php\/2021\/06\/25\/placards-dressings-sur-mesure\/#primaryimage"},"image":{"@id":"https:\/\/menuiserie-louisjallet.fr\/index.php\/2021\/06\/25\/placards-dressings-sur-mesure\/#primaryimage"},"thumbnailUrl":"https:\/\/menuiserie-louisjallet.fr\/wp-content\/uploads\/2021\/06\/Verriere-\u00a9NEVES.png","datePublished":"2021-06-25T14:59:46+00:00","dateModified":"2021-06-29T18:00:24+00:00","description":"Placards, dressings et \u00e9l\u00e9ments sur mesure : nous vous accompagnons dans la conception, la cr\u00e9ation et la pose de vos espaces de rangements.","breadcrumb":{"@id":"https:\/\/menuiserie-louisjallet.fr\/index.php\/2021\/06\/25\/placards-dressings-sur-mesure\/#breadcrumb"},"inLanguage":"fr-FR","potentialAction":[{"@type":"ReadAction","target":["https:\/\/menuiserie-louisjallet.fr\/index.php\/2021\/06\/25\/placards-dressings-sur-mesure\/"]}]},{"@type":"ImageObject","inLanguage":"fr-FR","@id":"https:\/\/menuiserie-louisjallet.fr\/index.php\/2021\/06\/25\/placards-dressings-sur-mesure\/#primaryimage","url":"https:\/\/menuiserie-louisjallet.fr\/wp-content\/uploads\/2021\/06\/Verriere-\u00a9NEVES.png","contentUrl":"https:\/\/menuiserie-louisjallet.fr\/wp-content\/uploads\/2021\/06\/Verriere-\u00a9NEVES.png","width":1121,"height":776,"caption":"Verri\u00e8re \u00a9NEVES"},{"@type":"BreadcrumbList","@id":"https:\/\/menuiserie-louisjallet.fr\/index.php\/2021\/06\/25\/placards-dressings-sur-mesure\/#breadcrumb","itemListElement":[{"@type":"ListItem","position":1,"name":"Accueil","item":"https:\/\/menuiserie-louisjallet.fr\/"},{"@type":"ListItem","position":2,"name":"Placards, dressings et \u00e9l\u00e9ments sur-mesure : ils vous faciliteront la vie !"}]},{"@type":"WebSite","@id":"https:\/\/menuiserie-louisjallet.fr\/#website","url":"https:\/\/menuiserie-louisjallet.fr\/","name":"\u00c9tablissements Louis Jallet | Charpentes et Menuiseries \u00e0 Nercillac depuis 1938","description":"\u00c9tablissements Louis Jallet | Charpentes et Menuiseries","publisher":{"@id":"https:\/\/menuiserie-louisjallet.fr\/#organization"},"potentialAction":[{"@type":"SearchAction","target":{"@type":"EntryPoint","urlTemplate":"https:\/\/menuiserie-louisjallet.fr\/?s={search_term_string}"},"query-input":"required name=search_term_string"}],"inLanguage":"fr-FR"},{"@type":"Organization","@id":"https:\/\/menuiserie-louisjallet.fr\/#organization","name":"\u00c9tablissements Louis Jallet","url":"https:\/\/menuiserie-louisjallet.fr\/","logo":{"@type":"ImageObject","inLanguage":"fr-FR","@id":"https:\/\/menuiserie-louisjallet.fr\/#\/schema\/logo\/image\/","url":"https:\/\/menuiserie-louisjallet.fr\/wp-content\/uploads\/2021\/06\/Logo-LOUIS-JALLET-carre.png","contentUrl":"https:\/\/menuiserie-louisjallet.fr\/wp-content\/uploads\/2021\/06\/Logo-LOUIS-JALLET-carre.png","width":500,"height":500,"caption":"\u00c9tablissements Louis Jallet"},"image":{"@id":"https:\/\/menuiserie-louisjallet.fr\/#\/schema\/logo\/image\/"}},{"@type":"Person","@id":"https:\/\/menuiserie-louisjallet.fr\/#\/schema\/person\/e24cb7a5d33134a0cb08ca0c102ad9d8","name":"\u00c9tablissements Louis Jallet","image":{"@type":"ImageObject","inLanguage":"fr-FR","@id":"https:\/\/menuiserie-louisjallet.fr\/#\/schema\/person\/image\/","url":"https:\/\/secure.gravatar.com\/avatar\/b39e5bb0aba7ab68c8da6a552011def21c7ef3534764f19fad903a2b53b6c675?s=96&d=mm&r=g","contentUrl":"https:\/\/secure.gravatar.com\/avatar\/b39e5bb0aba7ab68c8da6a552011def21c7ef3534764f19fad903a2b53b6c675?s=96&d=mm&r=g","caption":"\u00c9tablissements Louis Jallet"},"sameAs":["http:\/\/menuiserie-louisjallet.fr"],"url":"https:\/\/menuiserie-louisjallet.fr\/index.php\/author\/juliette-gjlive-fr\/"}]}},"_links":{"self":[{"href":"https:\/\/menuiserie-louisjallet.fr\/index.php\/wp-json\/wp\/v2\/posts\/2603","targetHints":{"allow":["GET"]}}],"collection":[{"href":"https:\/\/menuiserie-louisjallet.fr\/index.php\/wp-json\/wp\/v2\/posts"}],"about":[{"href":"https:\/\/menuiserie-louisjallet.fr\/index.php\/wp-json\/wp\/v2\/types\/post"}],"author":[{"embeddable":true,"href":"https:\/\/menuiserie-louisjallet.fr\/index.php\/wp-json\/wp\/v2\/users\/1"}],"replies":[{"embeddable":true,"href":"https:\/\/menuiserie-louisjallet.fr\/index.php\/wp-json\/wp\/v2\/comments?post=2603"}],"version-history":[{"count":160,"href":"https:\/\/menuiserie-louisjallet.fr\/index.php\/wp-json\/wp\/v2\/posts\/2603\/revisions"}],"predecessor-version":[{"id":3505,"href":"https:\/\/menuiserie-louisjallet.fr\/index.php\/wp-json\/wp\/v2\/posts\/2603\/revisions\/3505"}],"wp:featuredmedia":[{"embeddable":true,"href":"https:\/\/menuiserie-louisjallet.fr\/index.php\/wp-json\/wp\/v2\/media\/2739"}],"wp:attachment":[{"href":"https:\/\/menuiserie-louisjallet.fr\/index.php\/wp-json\/wp\/v2\/media?parent=2603"}],"wp:term":[{"taxonomy":"category","embeddable":true,"href":"https:\/\/menuiserie-louisjallet.fr\/index.php\/wp-json\/wp\/v2\/categories?post=2603"},{"taxonomy":"post_tag","embeddable":true,"href":"https:\/\/menuiserie-louisjallet.fr\/index.php\/wp-json\/wp\/v2\/tags?post=2603"}],"curies":[{"name":"wp","href":"https:\/\/api.w.org\/{rel}","templated":true}]}}