{"id":2558,"date":"2021-06-25T13:52:03","date_gmt":"2021-06-25T13:52:03","guid":{"rendered":"https:\/\/menuiserie-louisjallet.fr\/index.php\/2021\/06\/25\/article-test-copy-2\/"},"modified":"2021-06-29T18:13:27","modified_gmt":"2021-06-29T18:13:27","slug":"conseils-bien-choisir-porte-entree","status":"publish","type":"post","link":"https:\/\/menuiserie-louisjallet.fr\/index.php\/2021\/06\/25\/conseils-bien-choisir-porte-entree\/","title":{"rendered":"Nos conseils pour bien choisir votre porte d\u2019entr\u00e9e"},"content":{"rendered":"\t\t<div data-elementor-type=\"wp-post\" data-elementor-id=\"2558\" class=\"elementor elementor-2558\">\n\t\t\t\t\t\t<section class=\"elementor-section elementor-top-section elementor-element elementor-element-8eee77f elementor-section-boxed elementor-section-height-default elementor-section-height-default\" data-id=\"8eee77f\" data-element_type=\"section\">\n\t\t\t\t\t\t<div class=\"elementor-container elementor-column-gap-default\">\n\t\t\t\t\t<div class=\"elementor-column elementor-col-100 elementor-top-column elementor-element elementor-element-9876241\" data-id=\"9876241\" data-element_type=\"column\">\n\t\t\t<div class=\"elementor-widget-wrap elementor-element-populated\">\n\t\t\t\t\t\t<div class=\"elementor-element elementor-element-07c5438 elementor-widget__width-inherit elementor-widget-divider--view-line elementor-widget elementor-widget-divider\" data-id=\"07c5438\" data-element_type=\"widget\" data-widget_type=\"divider.default\">\n\t\t\t\t<div class=\"elementor-widget-container\">\n\t\t\t\t\t<div class=\"elementor-divider\">\n\t\t\t<span class=\"elementor-divider-separator\">\n\t\t\t\t\t\t<\/span>\n\t\t<\/div>\n\t\t\t\t<\/div>\n\t\t\t\t<\/div>\n\t\t\t\t\t<\/div>\n\t\t<\/div>\n\t\t\t\t\t<\/div>\n\t\t<\/section>\n\t\t\t\t<section class=\"elementor-section elementor-top-section elementor-element elementor-element-b4adfae elementor-section-boxed elementor-section-height-default elementor-section-height-default\" data-id=\"b4adfae\" data-element_type=\"section\">\n\t\t\t\t\t\t<div class=\"elementor-container elementor-column-gap-default\">\n\t\t\t\t\t<div class=\"elementor-column elementor-col-100 elementor-top-column elementor-element elementor-element-cda3c6b\" data-id=\"cda3c6b\" data-element_type=\"column\">\n\t\t\t<div class=\"elementor-widget-wrap elementor-element-populated\">\n\t\t\t\t\t\t<div class=\"elementor-element elementor-element-b9f409c elementor-widget elementor-widget-heading\" data-id=\"b9f409c\" data-element_type=\"widget\" data-widget_type=\"heading.default\">\n\t\t\t\t<div class=\"elementor-widget-container\">\n\t\t\t<h1 class=\"elementor-heading-title elementor-size-default\">Nos conseils pour bien choisir votre porte d\u2019entr\u00e9e<\/h1>\t\t<\/div>\n\t\t\t\t<\/div>\n\t\t\t\t\t<\/div>\n\t\t<\/div>\n\t\t\t\t\t<\/div>\n\t\t<\/section>\n\t\t\t\t<section class=\"elementor-section elementor-top-section elementor-element elementor-element-36942f2 elementor-section-boxed elementor-section-height-default elementor-section-height-default\" data-id=\"36942f2\" data-element_type=\"section\">\n\t\t\t\t\t\t<div class=\"elementor-container elementor-column-gap-default\">\n\t\t\t\t\t<div class=\"elementor-column elementor-col-100 elementor-top-column elementor-element elementor-element-f8cb286\" data-id=\"f8cb286\" data-element_type=\"column\">\n\t\t\t<div class=\"elementor-widget-wrap elementor-element-populated\">\n\t\t\t\t\t\t<div class=\"elementor-element elementor-element-82d09ea elementor-widget elementor-widget-text-editor\" data-id=\"82d09ea\" data-element_type=\"widget\" data-widget_type=\"text-editor.default\">\n\t\t\t\t<div class=\"elementor-widget-container\">\n\t\t\t\t\t\t\t<p><b>La porte d\u2019entr\u00e9e est un des \u00e9l\u00e9ments essentiels de la maison. Elle doit \u00e0 la fois vous apporter une bonne isolation et une s\u00e9curit\u00e9 optimale. Il est donc primordial de bien la choisir. Nous vous pr\u00e9cisons dans cet article les d\u00e9tails \u00e0 prendre en compte pour concevoir votre porte d\u2019entr\u00e9e (mat\u00e9riau, design et forme) en fonction de votre logement.<\/b><\/p>\t\t\t\t\t\t<\/div>\n\t\t\t\t<\/div>\n\t\t\t\t\t<\/div>\n\t\t<\/div>\n\t\t\t\t\t<\/div>\n\t\t<\/section>\n\t\t\t\t<section class=\"elementor-section elementor-top-section elementor-element elementor-element-c9242e3 elementor-section-boxed elementor-section-height-default elementor-section-height-default\" data-id=\"c9242e3\" data-element_type=\"section\">\n\t\t\t\t\t\t<div class=\"elementor-container elementor-column-gap-default\">\n\t\t\t\t\t<div class=\"elementor-column elementor-col-100 elementor-top-column elementor-element elementor-element-f3b3644\" data-id=\"f3b3644\" data-element_type=\"column\">\n\t\t\t<div class=\"elementor-widget-wrap elementor-element-populated\">\n\t\t\t\t\t\t<div class=\"elementor-element elementor-element-3fe9bc2 elementor-widget elementor-widget-heading\" data-id=\"3fe9bc2\" data-element_type=\"widget\" data-widget_type=\"heading.default\">\n\t\t\t\t<div class=\"elementor-widget-container\">\n\t\t\t<h2 class=\"elementor-heading-title elementor-size-default\">Les exigences d\u2019une porte d\u2019entr\u00e9e<\/h2>\t\t<\/div>\n\t\t\t\t<\/div>\n\t\t\t\t\t<\/div>\n\t\t<\/div>\n\t\t\t\t\t<\/div>\n\t\t<\/section>\n\t\t\t\t<section class=\"elementor-section elementor-top-section elementor-element elementor-element-046f9bb elementor-section-boxed elementor-section-height-default elementor-section-height-default\" data-id=\"046f9bb\" data-element_type=\"section\">\n\t\t\t\t\t\t<div class=\"elementor-container elementor-column-gap-default\">\n\t\t\t\t\t<div class=\"elementor-column elementor-col-100 elementor-top-column elementor-element elementor-element-1c5bd71\" data-id=\"1c5bd71\" data-element_type=\"column\">\n\t\t\t<div class=\"elementor-widget-wrap elementor-element-populated\">\n\t\t\t\t\t\t<section class=\"elementor-section elementor-inner-section elementor-element elementor-element-20d0a6b elementor-section-boxed elementor-section-height-default elementor-section-height-default\" data-id=\"20d0a6b\" data-element_type=\"section\">\n\t\t\t\t\t\t<div class=\"elementor-container elementor-column-gap-default\">\n\t\t\t\t\t<div class=\"elementor-column elementor-col-50 elementor-inner-column elementor-element elementor-element-1882660\" data-id=\"1882660\" data-element_type=\"column\">\n\t\t\t<div class=\"elementor-widget-wrap elementor-element-populated\">\n\t\t\t\t\t\t<div class=\"elementor-element elementor-element-c7cd828 elementor-widget elementor-widget-image\" data-id=\"c7cd828\" data-element_type=\"widget\" data-widget_type=\"image.default\">\n\t\t\t\t<div class=\"elementor-widget-container\">\n\t\t\t\t\t\t\t\t\t\t<figure class=\"wp-caption\">\n\t\t\t\t\t\t\t\t\t\t<img fetchpriority=\"high\" decoding=\"async\" width=\"768\" height=\"927\" src=\"https:\/\/menuiserie-louisjallet.fr\/wp-content\/uploads\/2021\/06\/Portes-dentree-\u00a9ARMEN-768x927.png\" class=\"attachment-medium_large size-medium_large wp-image-2568\" alt=\"Portes d\u2019entr\u00e9e \u00a9ARMEN\" srcset=\"https:\/\/menuiserie-louisjallet.fr\/wp-content\/uploads\/2021\/06\/Portes-dentree-\u00a9ARMEN-768x927.png 768w, https:\/\/menuiserie-louisjallet.fr\/wp-content\/uploads\/2021\/06\/Portes-dentree-\u00a9ARMEN-249x300.png 249w, https:\/\/menuiserie-louisjallet.fr\/wp-content\/uploads\/2021\/06\/Portes-dentree-\u00a9ARMEN-849x1024.png 849w, https:\/\/menuiserie-louisjallet.fr\/wp-content\/uploads\/2021\/06\/Portes-dentree-\u00a9ARMEN-1273x1536.png 1273w, https:\/\/menuiserie-louisjallet.fr\/wp-content\/uploads\/2021\/06\/Portes-dentree-\u00a9ARMEN.png 1326w\" sizes=\"(max-width: 768px) 100vw, 768px\" \/>\t\t\t\t\t\t\t\t\t\t\t<figcaption class=\"widget-image-caption wp-caption-text\">Portes d\u2019entr\u00e9e \u00a9ARMEN<\/figcaption>\n\t\t\t\t\t\t\t\t\t\t<\/figure>\n\t\t\t\t\t\t\t<\/div>\n\t\t\t\t<\/div>\n\t\t\t\t\t<\/div>\n\t\t<\/div>\n\t\t\t\t<div class=\"elementor-column elementor-col-50 elementor-inner-column elementor-element elementor-element-8cf576b\" data-id=\"8cf576b\" data-element_type=\"column\">\n\t\t\t<div class=\"elementor-widget-wrap elementor-element-populated\">\n\t\t\t\t\t\t<div class=\"elementor-element elementor-element-f257ee3 elementor-widget elementor-widget-text-editor\" data-id=\"f257ee3\" data-element_type=\"widget\" data-widget_type=\"text-editor.default\">\n\t\t\t\t<div class=\"elementor-widget-container\">\n\t\t\t\t\t\t\t<p>Votre porte d\u2019entr\u00e9e est un <b>accessoire de d\u00e9coration \u00e0 part enti\u00e8re<\/b>, et doit avant tout correspondre \u00e0 vos go\u00fbts, vos envies et \u00eatre en harmonie avec votre fa\u00e7ade. Elle est le passage entre le monde ext\u00e9rieur et votre univers personnel int\u00e9rieur.<\/p><p>Elle doit, en outre, participer autant \u00e0 l\u2019<b>isolation phonique et thermique <\/b>de votre habitation que les fen\u00eatres. Il est ainsi n\u00e9cessaire de prendre en compte les performances \u00e9nerg\u00e9tiques de votre future porte, et nous vous proposons pour cela des produits de qualit\u00e9 qui rempliront vos attentes et contribueront \u00e0 am\u00e9liorer votre quotidien.<\/p><p>Nous vous garantissons en effet une installation propre et soign\u00e9e, avec des <b>joints de qualit\u00e9<\/b>, qui assureront le maintien d\u2019une temp\u00e9rature optimale dans votre habitation. Un autre \u00e9l\u00e9ment \u00e0 prendre en compte dans le choix de votre porte est l\u2019<b>isolation acoustique<\/b>, d\u2019autant plus si vous vivez en ville, que votre maison donne directement sur la rue, ou qu\u2019elle est situ\u00e9e pr\u00e8s d\u2019un axe de circulation.<\/p>\t\t\t\t\t\t<\/div>\n\t\t\t\t<\/div>\n\t\t\t\t\t<\/div>\n\t\t<\/div>\n\t\t\t\t\t<\/div>\n\t\t<\/section>\n\t\t\t\t\t<\/div>\n\t\t<\/div>\n\t\t\t\t\t<\/div>\n\t\t<\/section>\n\t\t\t\t<section class=\"elementor-section elementor-top-section elementor-element elementor-element-b3ebd48 elementor-section-boxed elementor-section-height-default elementor-section-height-default\" data-id=\"b3ebd48\" data-element_type=\"section\">\n\t\t\t\t\t\t<div class=\"elementor-container elementor-column-gap-default\">\n\t\t\t\t\t<div class=\"elementor-column elementor-col-100 elementor-top-column elementor-element elementor-element-ac64f0e\" data-id=\"ac64f0e\" data-element_type=\"column\">\n\t\t\t<div class=\"elementor-widget-wrap elementor-element-populated\">\n\t\t\t\t\t\t<div class=\"elementor-element elementor-element-c27b0d2 elementor-widget elementor-widget-heading\" data-id=\"c27b0d2\" data-element_type=\"widget\" data-widget_type=\"heading.default\">\n\t\t\t\t<div class=\"elementor-widget-container\">\n\t\t\t<h2 class=\"elementor-heading-title elementor-size-default\">S\u00e9lectionner le bon mat\u00e9riau<\/h2>\t\t<\/div>\n\t\t\t\t<\/div>\n\t\t\t\t<div class=\"elementor-element elementor-element-9e6873f elementor-widget elementor-widget-text-editor\" data-id=\"9e6873f\" data-element_type=\"widget\" data-widget_type=\"text-editor.default\">\n\t\t\t\t<div class=\"elementor-widget-container\">\n\t\t\t\t\t\t\t<p>Choisir le mat\u00e9riau de sa porte est une \u00e9tape importante. Cela d\u00e9pend bien s\u00fbr de vos go\u00fbts en mati\u00e8re de d\u00e9coration et d\u2019esth\u00e9tisme, mais il faut savoir que chaque mat\u00e9riau poss\u00e8de ses propres atouts, \u00e0 prendre en compte pour la durabilit\u00e9 et la qualit\u00e9 de votre porte.<\/p>\t\t\t\t\t\t<\/div>\n\t\t\t\t<\/div>\n\t\t\t\t<div class=\"elementor-element elementor-element-688ed96 elementor-widget elementor-widget-image\" data-id=\"688ed96\" data-element_type=\"widget\" data-widget_type=\"image.default\">\n\t\t\t\t<div class=\"elementor-widget-container\">\n\t\t\t\t\t\t\t\t\t\t<figure class=\"wp-caption\">\n\t\t\t\t\t\t\t\t\t\t<img decoding=\"async\" width=\"768\" height=\"672\" src=\"https:\/\/menuiserie-louisjallet.fr\/wp-content\/uploads\/2021\/06\/Portes-dentree-\u00a9REVEAU-768x672.png\" class=\"attachment-medium_large size-medium_large wp-image-2573\" alt=\"Portes d\u2019entr\u00e9e \u00a9REVEAU\" srcset=\"https:\/\/menuiserie-louisjallet.fr\/wp-content\/uploads\/2021\/06\/Portes-dentree-\u00a9REVEAU-768x672.png 768w, https:\/\/menuiserie-louisjallet.fr\/wp-content\/uploads\/2021\/06\/Portes-dentree-\u00a9REVEAU-300x263.png 300w, https:\/\/menuiserie-louisjallet.fr\/wp-content\/uploads\/2021\/06\/Portes-dentree-\u00a9REVEAU-1024x896.png 1024w, https:\/\/menuiserie-louisjallet.fr\/wp-content\/uploads\/2021\/06\/Portes-dentree-\u00a9REVEAU-1536x1344.png 1536w, https:\/\/menuiserie-louisjallet.fr\/wp-content\/uploads\/2021\/06\/Portes-dentree-\u00a9REVEAU.png 1828w\" sizes=\"(max-width: 768px) 100vw, 768px\" \/>\t\t\t\t\t\t\t\t\t\t\t<figcaption class=\"widget-image-caption wp-caption-text\">Portes d\u2019entr\u00e9e \u00a9REVEAU<\/figcaption>\n\t\t\t\t\t\t\t\t\t\t<\/figure>\n\t\t\t\t\t\t\t<\/div>\n\t\t\t\t<\/div>\n\t\t\t\t<section class=\"elementor-section elementor-inner-section elementor-element elementor-element-1c26d3c elementor-section-boxed elementor-section-height-default elementor-section-height-default\" data-id=\"1c26d3c\" data-element_type=\"section\">\n\t\t\t\t\t\t<div class=\"elementor-container elementor-column-gap-default\">\n\t\t\t\t\t<div class=\"elementor-column elementor-col-50 elementor-inner-column elementor-element elementor-element-02ed6ad\" data-id=\"02ed6ad\" data-element_type=\"column\">\n\t\t\t<div class=\"elementor-widget-wrap elementor-element-populated\">\n\t\t\t\t\t\t<div class=\"elementor-element elementor-element-c65c516 elementor-widget elementor-widget-heading\" data-id=\"c65c516\" data-element_type=\"widget\" data-widget_type=\"heading.default\">\n\t\t\t\t<div class=\"elementor-widget-container\">\n\t\t\t<h3 class=\"elementor-heading-title elementor-size-default\">\u2022 Le bois<\/h3>\t\t<\/div>\n\t\t\t\t<\/div>\n\t\t\t\t<div class=\"elementor-element elementor-element-e07f402 elementor-widget elementor-widget-text-editor\" data-id=\"e07f402\" data-element_type=\"widget\" data-widget_type=\"text-editor.default\">\n\t\t\t\t<div class=\"elementor-widget-container\">\n\t\t\t\t\t\t\t<p>Le bois est un mat\u00e9riau noble pour une porte d\u2019entr\u00e9e, qui s\u2019adapte \u00e0 l\u2019ancien comme au contemporain. Le bois permet d\u2019avoir une <b>porte personnalis\u00e9e<\/b> (en copiant par exemple \u00e0 l\u2019identique un mod\u00e8le existant lors d\u2019un remplacement, ou le mod\u00e8le de votre choix lors d\u2019une cr\u00e9ation) ou <b>peinte dans la teinte de votre choix<\/b>. Le bois garantit une excellente isolation thermique et phonique. Robuste, une porte en bois offrira aussi une <b>s\u00e9curit\u00e9 optimale<\/b> \u00e0 votre habitation, en la dotant d\u2019une serrure adapt\u00e9e. Enfin, la porte en bois revient aussi \u00e0 faire le choix de la <b>durabilit\u00e9<\/b> et donc du respect de l\u2019environnement.<\/p>\t\t\t\t\t\t<\/div>\n\t\t\t\t<\/div>\n\t\t\t\t<div class=\"elementor-element elementor-element-db221ff elementor-widget elementor-widget-heading\" data-id=\"db221ff\" data-element_type=\"widget\" data-widget_type=\"heading.default\">\n\t\t\t\t<div class=\"elementor-widget-container\">\n\t\t\t<h3 class=\"elementor-heading-title elementor-size-default\">\u2022 L\u2019aluminium<\/h3>\t\t<\/div>\n\t\t\t\t<\/div>\n\t\t\t\t<div class=\"elementor-element elementor-element-49a8700 elementor-widget elementor-widget-text-editor\" data-id=\"49a8700\" data-element_type=\"widget\" data-widget_type=\"text-editor.default\">\n\t\t\t\t<div class=\"elementor-widget-container\">\n\t\t\t\t\t\t\t<p>L\u2019aluminium est un mat\u00e9riau <b>solide<\/b>, robuste, et reconnu pour \u00eatre r\u00e9sistant face aux \u00e9ventuelles effractions. Son seul point faible est d\u2019\u00eatre moins isolant que les autres mat\u00e9riaux. Bien que son prix soit sensiblement plus \u00e9lev\u00e9 qu\u2019une porte d\u2019entr\u00e9e en PVC ou en bois, la porte d\u2019entr\u00e9e en aluminium est un tr\u00e8s bon compromis, notamment dans le large choix qu\u2019elle offre au niveau des <b>mod\u00e8les<\/b> et des <b>coloris<\/b>.<\/p>\t\t\t\t\t\t<\/div>\n\t\t\t\t<\/div>\n\t\t\t\t\t<\/div>\n\t\t<\/div>\n\t\t\t\t<div class=\"elementor-column elementor-col-50 elementor-inner-column elementor-element elementor-element-97792f8\" data-id=\"97792f8\" data-element_type=\"column\">\n\t\t\t<div class=\"elementor-widget-wrap elementor-element-populated\">\n\t\t\t\t\t\t<div class=\"elementor-element elementor-element-28afdbb elementor-widget elementor-widget-heading\" data-id=\"28afdbb\" data-element_type=\"widget\" data-widget_type=\"heading.default\">\n\t\t\t\t<div class=\"elementor-widget-container\">\n\t\t\t<h3 class=\"elementor-heading-title elementor-size-default\">\u2022 Le PVC<\/h3>\t\t<\/div>\n\t\t\t\t<\/div>\n\t\t\t\t<div class=\"elementor-element elementor-element-820a896 elementor-widget elementor-widget-text-editor\" data-id=\"820a896\" data-element_type=\"widget\" data-widget_type=\"text-editor.default\">\n\t\t\t\t<div class=\"elementor-widget-container\">\n\t\t\t\t\t\t\t<p>Le PVC est le mat\u00e9riau <b>le plus \u00e9conomique<\/b>, car plus abordable que le bois. Il a l\u2019avantage de n\u00e9cessiter peu d\u2019entretien, et d\u2019\u00eatre un mat\u00e9riau <b>r\u00e9sistant<\/b> et imputrescible. Les portes en PVC sont \u00e9galement un bon produit sur le plan <b>thermique<\/b>, et sauront vous assurer une bonne isolation. Ce type de porte a l\u2019avantage de pr\u00e9senter une tr\u00e8s large gamme de designs et de d\u00e9cors, allant des plus classiques aux plus contemporains.<\/p>\t\t\t\t\t\t<\/div>\n\t\t\t\t<\/div>\n\t\t\t\t<div class=\"elementor-element elementor-element-e963d6d elementor-widget elementor-widget-heading\" data-id=\"e963d6d\" data-element_type=\"widget\" data-widget_type=\"heading.default\">\n\t\t\t\t<div class=\"elementor-widget-container\">\n\t\t\t<h3 class=\"elementor-heading-title elementor-size-default\">\u2022 Le mixte<\/h3>\t\t<\/div>\n\t\t\t\t<\/div>\n\t\t\t\t<div class=\"elementor-element elementor-element-e370358 elementor-widget elementor-widget-text-editor\" data-id=\"e370358\" data-element_type=\"widget\" data-widget_type=\"text-editor.default\">\n\t\t\t\t<div class=\"elementor-widget-container\">\n\t\t\t\t\t\t\t<p>Le mat\u00e9riau dit \u00ab\u00a0<b>mixte<\/b>\u00a0\u00bb dispose des avantages de l\u2019aluminium \u00e0 l\u2019ext\u00e9rieur et de ceux du bois \u00e0 l\u2019int\u00e9rieur. Avec cette option, il est notamment possible de <b>d\u00e9corer l\u2019int\u00e9rieur de votre porte<\/b>, et de la peindre avec la couleur de votre choix. Les performances (isolantes, acoustiques et thermiques) des portes en mixte sont excellentes, et elles vous offrent donc un <b>confort<\/b> <b>de vie <\/b>id\u00e9al.<\/p>\t\t\t\t\t\t<\/div>\n\t\t\t\t<\/div>\n\t\t\t\t\t<\/div>\n\t\t<\/div>\n\t\t\t\t\t<\/div>\n\t\t<\/section>\n\t\t\t\t<div class=\"elementor-element elementor-element-eb2fbba elementor-widget elementor-widget-heading\" data-id=\"eb2fbba\" data-element_type=\"widget\" data-widget_type=\"heading.default\">\n\t\t\t\t<div class=\"elementor-widget-container\">\n\t\t\t<h2 class=\"elementor-heading-title elementor-size-default\">Le choix du design de votre porte<\/h2>\t\t<\/div>\n\t\t\t\t<\/div>\n\t\t\t\t<div class=\"elementor-element elementor-element-3f8278c elementor-widget elementor-widget-text-editor\" data-id=\"3f8278c\" data-element_type=\"widget\" data-widget_type=\"text-editor.default\">\n\t\t\t\t<div class=\"elementor-widget-container\">\n\t\t\t\t\t\t\t<p>Libre \u00e0 vous de choisir la forme de porte d\u2019entr\u00e9e lorsqu\u2019il s\u2019agit d\u2019un projet neuf. En revanche, votre choix de porte sera orient\u00e9 lorsqu\u2019il s\u2019agit de remplacer une porte existante.<\/p>\t\t\t\t\t\t<\/div>\n\t\t\t\t<\/div>\n\t\t\t\t<section class=\"elementor-section elementor-inner-section elementor-element elementor-element-8e7a00b elementor-section-boxed elementor-section-height-default elementor-section-height-default\" data-id=\"8e7a00b\" data-element_type=\"section\">\n\t\t\t\t\t\t<div class=\"elementor-container elementor-column-gap-default\">\n\t\t\t\t\t<div class=\"elementor-column elementor-col-50 elementor-inner-column elementor-element elementor-element-89f8999\" data-id=\"89f8999\" data-element_type=\"column\">\n\t\t\t<div class=\"elementor-widget-wrap elementor-element-populated\">\n\t\t\t\t\t\t<div class=\"elementor-element elementor-element-607164a elementor-widget elementor-widget-image\" data-id=\"607164a\" data-element_type=\"widget\" data-widget_type=\"image.default\">\n\t\t\t\t<div class=\"elementor-widget-container\">\n\t\t\t\t\t\t\t\t\t\t<figure class=\"wp-caption\">\n\t\t\t\t\t\t\t\t\t\t<img decoding=\"async\" width=\"768\" height=\"614\" src=\"https:\/\/menuiserie-louisjallet.fr\/wp-content\/uploads\/2021\/06\/Portes-dentree-pleine-vitree-semi-vitree-\u00a9ARMEN-768x614.png\" class=\"attachment-medium_large size-medium_large wp-image-2574\" alt=\"Portes d\u2019entr\u00e9e pleine vitr\u00e9e semi-vitr\u00e9e \u00a9ARMEN\" srcset=\"https:\/\/menuiserie-louisjallet.fr\/wp-content\/uploads\/2021\/06\/Portes-dentree-pleine-vitree-semi-vitree-\u00a9ARMEN-768x614.png 768w, https:\/\/menuiserie-louisjallet.fr\/wp-content\/uploads\/2021\/06\/Portes-dentree-pleine-vitree-semi-vitree-\u00a9ARMEN-300x240.png 300w, https:\/\/menuiserie-louisjallet.fr\/wp-content\/uploads\/2021\/06\/Portes-dentree-pleine-vitree-semi-vitree-\u00a9ARMEN-1024x819.png 1024w, https:\/\/menuiserie-louisjallet.fr\/wp-content\/uploads\/2021\/06\/Portes-dentree-pleine-vitree-semi-vitree-\u00a9ARMEN-1536x1229.png 1536w, https:\/\/menuiserie-louisjallet.fr\/wp-content\/uploads\/2021\/06\/Portes-dentree-pleine-vitree-semi-vitree-\u00a9ARMEN.png 2000w\" sizes=\"(max-width: 768px) 100vw, 768px\" \/>\t\t\t\t\t\t\t\t\t\t\t<figcaption class=\"widget-image-caption wp-caption-text\">Portes d\u2019entr\u00e9e : pleine, vitr\u00e9e et semi-vitr\u00e9e \u00a9ARMEN<\/figcaption>\n\t\t\t\t\t\t\t\t\t\t<\/figure>\n\t\t\t\t\t\t\t<\/div>\n\t\t\t\t<\/div>\n\t\t\t\t\t<\/div>\n\t\t<\/div>\n\t\t\t\t<div class=\"elementor-column elementor-col-50 elementor-inner-column elementor-element elementor-element-1dccd12\" data-id=\"1dccd12\" data-element_type=\"column\">\n\t\t\t<div class=\"elementor-widget-wrap elementor-element-populated\">\n\t\t\t\t\t\t<div class=\"elementor-element elementor-element-552f371 elementor-widget elementor-widget-heading\" data-id=\"552f371\" data-element_type=\"widget\" data-widget_type=\"heading.default\">\n\t\t\t\t<div class=\"elementor-widget-container\">\n\t\t\t<h3 class=\"elementor-heading-title elementor-size-default\">Quelle forme pour ma porte : pleine ou vitr\u00e9e ?<\/h3>\t\t<\/div>\n\t\t\t\t<\/div>\n\t\t\t\t<div class=\"elementor-element elementor-element-bc1431f elementor-widget elementor-widget-text-editor\" data-id=\"bc1431f\" data-element_type=\"widget\" data-widget_type=\"text-editor.default\">\n\t\t\t\t<div class=\"elementor-widget-container\">\n\t\t\t\t\t\t\t<p>La forme de votre porte peut varier en fonction de vos go\u00fbts et du style de votre habitation. Tant par leur design que par leur esth\u00e9tisme, les mod\u00e8les de portes peuvent tout-\u00e0-fait s\u2019adapter aux <b>structures contemporaines <\/b>comme aux <b>b\u00e2tis plus anciens<\/b>. On peut parfois penser que la porte vitr\u00e9e est moins s\u00e9curisante que la porte pleine, mais ce n\u2019est pas le cas ! Celle-ci est dot\u00e9e d\u2019un double vitrage, avec retardateur d\u2019effraction. La <b>porte vitr\u00e9e<\/b> a surtout l\u2019avantage non n\u00e9gligeable d\u2019apporter de la <b>lumi\u00e8re<\/b>. On opte pour celle-ci notamment lorsque l\u2019on souhaite offrir une lumi\u00e8re naturelle \u00e0 son entr\u00e9e. Cette porte peut \u00eatre \u00e9quip\u00e9e de verres d\u00e9coratifs qui permettent de profiter de l\u2019ensoleillement et qui laissent passer la lumi\u00e8re sans jamais d\u00e9voiler notre int\u00e9rieur, et ce, de jour comme de nuit. Et si toutefois votre choix est difficile, vous pouvez opter pour une <b>porte pleine avec une partie vitr\u00e9e<\/b>.<\/p>\t\t\t\t\t\t<\/div>\n\t\t\t\t<\/div>\n\t\t\t\t\t<\/div>\n\t\t<\/div>\n\t\t\t\t\t<\/div>\n\t\t<\/section>\n\t\t\t\t<div class=\"elementor-element elementor-element-60c7c37 elementor-widget elementor-widget-spacer\" data-id=\"60c7c37\" data-element_type=\"widget\" data-widget_type=\"spacer.default\">\n\t\t\t\t<div class=\"elementor-widget-container\">\n\t\t\t\t\t<div class=\"elementor-spacer\">\n\t\t\t<div class=\"elementor-spacer-inner\"><\/div>\n\t\t<\/div>\n\t\t\t\t<\/div>\n\t\t\t\t<\/div>\n\t\t\t\t<section class=\"elementor-section elementor-inner-section elementor-element elementor-element-2d122c7 elementor-section-boxed elementor-section-height-default elementor-section-height-default\" data-id=\"2d122c7\" data-element_type=\"section\">\n\t\t\t\t\t\t<div class=\"elementor-container elementor-column-gap-default\">\n\t\t\t\t\t<div class=\"elementor-column elementor-col-50 elementor-inner-column elementor-element elementor-element-f2efd88\" data-id=\"f2efd88\" data-element_type=\"column\">\n\t\t\t<div class=\"elementor-widget-wrap elementor-element-populated\">\n\t\t\t\t\t\t<div class=\"elementor-element elementor-element-ee89f87 elementor-widget elementor-widget-heading\" data-id=\"ee89f87\" data-element_type=\"widget\" data-widget_type=\"heading.default\">\n\t\t\t\t<div class=\"elementor-widget-container\">\n\t\t\t<h3 class=\"elementor-heading-title elementor-size-default\">Opter pour une poign\u00e9e ou une barre de tirage ?<\/h3>\t\t<\/div>\n\t\t\t\t<\/div>\n\t\t\t\t<div class=\"elementor-element elementor-element-305af7e elementor-widget elementor-widget-text-editor\" data-id=\"305af7e\" data-element_type=\"widget\" data-widget_type=\"text-editor.default\">\n\t\t\t\t<div class=\"elementor-widget-container\">\n\t\t\t\t\t\t\t<p>Votre porte d\u2019entr\u00e9e donne sur une rue ? Vous pouvez choisir une <b>barre de tirage<\/b> (offrant une <b>fermeture pratique et<\/b> <b>s\u00e9curisante<\/b>). Attention toutefois, la barre de tirage requiert d&rsquo;avoir toujours les cl\u00e9s sur vous ou \u00e0 proximit\u00e9 pour pouvoir rentrer.<\/p><p>En revanche, si votre porte donne directement sur un jardin, une all\u00e9e, ou une cour, vous pouvez opter pour une <b>poign\u00e9e<\/b>. Elle vous permettra des <b>all\u00e9es et venues facilit\u00e9es<\/b>, sans avoir besoin d\u2019avoir les cl\u00e9s avec vous en permanence.<\/p>\t\t\t\t\t\t<\/div>\n\t\t\t\t<\/div>\n\t\t\t\t\t<\/div>\n\t\t<\/div>\n\t\t\t\t<div class=\"elementor-column elementor-col-50 elementor-inner-column elementor-element elementor-element-a303de5\" data-id=\"a303de5\" data-element_type=\"column\">\n\t\t\t<div class=\"elementor-widget-wrap elementor-element-populated\">\n\t\t\t\t\t\t<div class=\"elementor-element elementor-element-2ad31bc elementor-widget elementor-widget-image\" data-id=\"2ad31bc\" data-element_type=\"widget\" data-widget_type=\"image.default\">\n\t\t\t\t<div class=\"elementor-widget-container\">\n\t\t\t\t\t\t\t\t\t\t<figure class=\"wp-caption\">\n\t\t\t\t\t\t\t\t\t\t<img loading=\"lazy\" decoding=\"async\" width=\"1024\" height=\"891\" src=\"https:\/\/menuiserie-louisjallet.fr\/wp-content\/uploads\/2021\/06\/Barre-de-tirage-\u00a9ARMENPoignee-\u00a9Louis-Jallet-1024x891.png\" class=\"attachment-large size-large wp-image-2581\" alt=\"Barre de tirage \u00a9ARMEN Poign\u00e9e \u00a9Louis Jallet\" srcset=\"https:\/\/menuiserie-louisjallet.fr\/wp-content\/uploads\/2021\/06\/Barre-de-tirage-\u00a9ARMENPoignee-\u00a9Louis-Jallet-1024x891.png 1024w, https:\/\/menuiserie-louisjallet.fr\/wp-content\/uploads\/2021\/06\/Barre-de-tirage-\u00a9ARMENPoignee-\u00a9Louis-Jallet-300x261.png 300w, https:\/\/menuiserie-louisjallet.fr\/wp-content\/uploads\/2021\/06\/Barre-de-tirage-\u00a9ARMENPoignee-\u00a9Louis-Jallet-768x668.png 768w, https:\/\/menuiserie-louisjallet.fr\/wp-content\/uploads\/2021\/06\/Barre-de-tirage-\u00a9ARMENPoignee-\u00a9Louis-Jallet-1536x1336.png 1536w, https:\/\/menuiserie-louisjallet.fr\/wp-content\/uploads\/2021\/06\/Barre-de-tirage-\u00a9ARMENPoignee-\u00a9Louis-Jallet.png 1839w\" sizes=\"(max-width: 1024px) 100vw, 1024px\" \/>\t\t\t\t\t\t\t\t\t\t\t<figcaption class=\"widget-image-caption wp-caption-text\">Barre de tirage \u00a9ARMEN \/ Poign\u00e9e \u00a9Louis Jallet<\/figcaption>\n\t\t\t\t\t\t\t\t\t\t<\/figure>\n\t\t\t\t\t\t\t<\/div>\n\t\t\t\t<\/div>\n\t\t\t\t\t<\/div>\n\t\t<\/div>\n\t\t\t\t\t<\/div>\n\t\t<\/section>\n\t\t\t\t\t<\/div>\n\t\t<\/div>\n\t\t\t\t\t<\/div>\n\t\t<\/section>\n\t\t\t\t<section class=\"elementor-section elementor-top-section elementor-element elementor-element-9a6d06d elementor-section-boxed elementor-section-height-default elementor-section-height-default\" data-id=\"9a6d06d\" data-element_type=\"section\">\n\t\t\t\t\t\t<div class=\"elementor-container elementor-column-gap-default\">\n\t\t\t\t\t<div class=\"elementor-column elementor-col-100 elementor-top-column elementor-element elementor-element-e791f22\" data-id=\"e791f22\" data-element_type=\"column\">\n\t\t\t<div class=\"elementor-widget-wrap elementor-element-populated\">\n\t\t\t\t\t\t<div class=\"elementor-element elementor-element-421ef1f elementor-widget elementor-widget-text-editor\" data-id=\"421ef1f\" data-element_type=\"widget\" data-widget_type=\"text-editor.default\">\n\t\t\t\t<div class=\"elementor-widget-container\">\n\t\t\t\t\t\t\t<p><span style=\"text-decoration: underline;\">\u00c0 noter<\/span> : si vous \u00eates concern\u00e9(e) par une <b>zone de protection du patrimoine<\/b>, vous devez prendre en compte les obligations \u00e0 propos du choix des mod\u00e8les, des couleurs et des mat\u00e9riaux. Vous pouvez pour cela vous rapprocher de votre mairie, qui vous fournira les renseignements n\u00e9cessaires avant de commencer les travaux de votre porte d\u2019entr\u00e9e.<\/p>\t\t\t\t\t\t<\/div>\n\t\t\t\t<\/div>\n\t\t\t\t\t<\/div>\n\t\t<\/div>\n\t\t\t\t\t<\/div>\n\t\t<\/section>\n\t\t\t\t<section class=\"elementor-section elementor-top-section elementor-element elementor-element-ea66dce elementor-section-boxed elementor-section-height-default elementor-section-height-default\" data-id=\"ea66dce\" data-element_type=\"section\">\n\t\t\t\t\t\t<div class=\"elementor-container elementor-column-gap-default\">\n\t\t\t\t\t<div class=\"elementor-column elementor-col-100 elementor-top-column elementor-element elementor-element-4db8e70\" data-id=\"4db8e70\" data-element_type=\"column\">\n\t\t\t<div class=\"elementor-widget-wrap elementor-element-populated\">\n\t\t\t\t\t\t<div class=\"elementor-element elementor-element-4807842 elementor-widget elementor-widget-text-editor\" data-id=\"4807842\" data-element_type=\"widget\" data-widget_type=\"text-editor.default\">\n\t\t\t\t<div class=\"elementor-widget-container\">\n\t\t\t\t\t\t\t<p><strong>Vous souhaitez <a href=\"https:\/\/menuiserie-louisjallet.fr\/index.php\/prestations-louis-jallet-menuiseries-exterieures\/\" target=\"_blank\" rel=\"noopener\">investir dans une nouvelle porte ou remplacer la votre<\/a> ? Vous avez des questions ? Contactez-nous ! Nous vous guiderons vers le meilleur choix en fonction de votre habitation.<\/strong><\/p>\t\t\t\t\t\t<\/div>\n\t\t\t\t<\/div>\n\t\t\t\t\t<\/div>\n\t\t<\/div>\n\t\t\t\t\t<\/div>\n\t\t<\/section>\n\t\t\t\t<section class=\"elementor-section elementor-top-section elementor-element elementor-element-814d3cf elementor-section-boxed elementor-section-height-default elementor-section-height-default\" data-id=\"814d3cf\" data-element_type=\"section\">\n\t\t\t\t\t\t<div class=\"elementor-container elementor-column-gap-default\">\n\t\t\t\t\t<div class=\"elementor-column elementor-col-100 elementor-top-column elementor-element elementor-element-de249b2\" data-id=\"de249b2\" data-element_type=\"column\">\n\t\t\t<div class=\"elementor-widget-wrap elementor-element-populated\">\n\t\t\t\t\t\t<div class=\"elementor-element elementor-element-cf40877 elementor-widget elementor-widget-elementskit-button\" data-id=\"cf40877\" data-element_type=\"widget\" data-widget_type=\"elementskit-button.default\">\n\t\t\t\t<div class=\"elementor-widget-container\">\n\t\t\t<div class=\"ekit-wid-con\" >\t\t<div class=\"ekit-btn-wraper\">\n\t\t\t\t\t\t\t<a href=\"https:\/\/menuiserie-louisjallet.fr\/index.php\/contact-etablissements-louis-jallet\/\" class=\"elementskit-btn  whitespace--normal\" id=\"\">\n\t\t\t\t\tNous contacter<i aria-hidden=\"true\" class=\"far fa-envelope\"><\/i>\t\t\t\t<\/a>\n\t\t\t\t\t<\/div>\n        <\/div>\t\t<\/div>\n\t\t\t\t<\/div>\n\t\t\t\t\t<\/div>\n\t\t<\/div>\n\t\t\t\t\t<\/div>\n\t\t<\/section>\n\t\t\t\t<section class=\"elementor-section elementor-top-section elementor-element elementor-element-365c966 elementor-section-boxed elementor-section-height-default elementor-section-height-default\" data-id=\"365c966\" data-element_type=\"section\">\n\t\t\t\t\t\t<div class=\"elementor-container elementor-column-gap-default\">\n\t\t\t\t\t<div class=\"elementor-column elementor-col-100 elementor-top-column elementor-element elementor-element-9418b87\" data-id=\"9418b87\" data-element_type=\"column\">\n\t\t\t<div class=\"elementor-widget-wrap elementor-element-populated\">\n\t\t\t\t\t\t<div class=\"elementor-element elementor-element-cd646aa elementor-widget elementor-widget-spacer\" data-id=\"cd646aa\" data-element_type=\"widget\" data-widget_type=\"spacer.default\">\n\t\t\t\t<div class=\"elementor-widget-container\">\n\t\t\t\t\t<div class=\"elementor-spacer\">\n\t\t\t<div class=\"elementor-spacer-inner\"><\/div>\n\t\t<\/div>\n\t\t\t\t<\/div>\n\t\t\t\t<\/div>\n\t\t\t\t\t<\/div>\n\t\t<\/div>\n\t\t\t\t\t<\/div>\n\t\t<\/section>\n\t\t\t\t<\/div>\n\t\t","protected":false},"excerpt":{"rendered":"<p>La porte d\u2019entr\u00e9e est un des \u00e9l\u00e9ments essentiels de la maison. Elle doit \u00e0 la fois vous apporter une bonne isolation et une s\u00e9curit\u00e9 optimale. Il est donc primordial de bien la choisir. Nous vous pr\u00e9cisons dans cet article les d\u00e9tails \u00e0 prendre en compte pour concevoir votre porte d\u2019entr\u00e9e (mat\u00e9riau, design et forme) en fonction de votre logement.<\/p>\n","protected":false},"author":1,"featured_media":2574,"comment_status":"open","ping_status":"open","sticky":false,"template":"elementor_header_footer","format":"standard","meta":{"neve_meta_sidebar":"","neve_meta_container":"","neve_meta_enable_content_width":"","neve_meta_content_width":0,"neve_meta_title_alignment":"","neve_meta_author_avatar":"","neve_post_elements_order":"","neve_meta_disable_header":"","neve_meta_disable_footer":"","neve_meta_disable_title":"","footnotes":""},"categories":[1],"tags":[],"class_list":["post-2558","post","type-post","status-publish","format-standard","has-post-thumbnail","hentry","category-uncategorized"],"yoast_head":"<!-- This site is optimized with the Yoast SEO plugin v22.6 - https:\/\/yoast.com\/wordpress\/plugins\/seo\/ -->\n<title>Bien choisir votre porte d&#039;entr\u00e9e : tous nos conseils - Louis Jallet<\/title>\n<meta name=\"description\" content=\"Pour bien choisir votre porte d&#039;entr\u00e9e, plusieurs d\u00e9tails (mat\u00e9riau, design et forme) sont \u00e0 prendre en compte selon vos go\u00fbts\" \/>\n<meta name=\"robots\" content=\"index, follow, max-snippet:-1, max-image-preview:large, max-video-preview:-1\" \/>\n<link rel=\"canonical\" href=\"https:\/\/menuiserie-louisjallet.fr\/index.php\/2021\/06\/25\/conseils-bien-choisir-porte-entree\/\" \/>\n<meta property=\"og:locale\" content=\"fr_FR\" \/>\n<meta property=\"og:type\" content=\"article\" \/>\n<meta property=\"og:title\" content=\"Bien choisir votre porte d&#039;entr\u00e9e : tous nos conseils - Louis Jallet\" \/>\n<meta property=\"og:description\" content=\"Pour bien choisir votre porte d&#039;entr\u00e9e, plusieurs d\u00e9tails (mat\u00e9riau, design et forme) sont \u00e0 prendre en compte selon vos go\u00fbts\" \/>\n<meta property=\"og:url\" content=\"https:\/\/menuiserie-louisjallet.fr\/index.php\/2021\/06\/25\/conseils-bien-choisir-porte-entree\/\" \/>\n<meta property=\"og:site_name\" content=\"\u00c9tablissements Louis Jallet | Charpentes et Menuiseries \u00e0 Nercillac depuis 1938\" \/>\n<meta property=\"article:published_time\" content=\"2021-06-25T13:52:03+00:00\" \/>\n<meta property=\"article:modified_time\" content=\"2021-06-29T18:13:27+00:00\" \/>\n<meta property=\"og:image\" content=\"https:\/\/menuiserie-louisjallet.fr\/wp-content\/uploads\/2021\/06\/Portes-dentree-pleine-vitree-semi-vitree-\u00a9ARMEN.png\" \/>\n\t<meta property=\"og:image:width\" content=\"2000\" \/>\n\t<meta property=\"og:image:height\" content=\"1600\" \/>\n\t<meta property=\"og:image:type\" content=\"image\/png\" \/>\n<meta name=\"author\" content=\"\u00c9tablissements Louis Jallet\" \/>\n<meta name=\"twitter:card\" content=\"summary_large_image\" \/>\n<meta name=\"twitter:label1\" content=\"\u00c9crit par\" \/>\n\t<meta name=\"twitter:data1\" content=\"\u00c9tablissements Louis Jallet\" \/>\n\t<meta name=\"twitter:label2\" content=\"Dur\u00e9e de lecture estim\u00e9e\" \/>\n\t<meta name=\"twitter:data2\" content=\"6 minutes\" \/>\n<script type=\"application\/ld+json\" class=\"yoast-schema-graph\">{\"@context\":\"https:\/\/schema.org\",\"@graph\":[{\"@type\":\"Article\",\"@id\":\"https:\/\/menuiserie-louisjallet.fr\/index.php\/2021\/06\/25\/conseils-bien-choisir-porte-entree\/#article\",\"isPartOf\":{\"@id\":\"https:\/\/menuiserie-louisjallet.fr\/index.php\/2021\/06\/25\/conseils-bien-choisir-porte-entree\/\"},\"author\":{\"name\":\"\u00c9tablissements Louis Jallet\",\"@id\":\"https:\/\/menuiserie-louisjallet.fr\/#\/schema\/person\/e24cb7a5d33134a0cb08ca0c102ad9d8\"},\"headline\":\"Nos conseils pour bien choisir votre porte d\u2019entr\u00e9e\",\"datePublished\":\"2021-06-25T13:52:03+00:00\",\"dateModified\":\"2021-06-29T18:13:27+00:00\",\"mainEntityOfPage\":{\"@id\":\"https:\/\/menuiserie-louisjallet.fr\/index.php\/2021\/06\/25\/conseils-bien-choisir-porte-entree\/\"},\"wordCount\":1131,\"commentCount\":0,\"publisher\":{\"@id\":\"https:\/\/menuiserie-louisjallet.fr\/#organization\"},\"image\":{\"@id\":\"https:\/\/menuiserie-louisjallet.fr\/index.php\/2021\/06\/25\/conseils-bien-choisir-porte-entree\/#primaryimage\"},\"thumbnailUrl\":\"https:\/\/menuiserie-louisjallet.fr\/wp-content\/uploads\/2021\/06\/Portes-dentree-pleine-vitree-semi-vitree-\u00a9ARMEN.png\",\"articleSection\":[\"Uncategorized\"],\"inLanguage\":\"fr-FR\",\"potentialAction\":[{\"@type\":\"CommentAction\",\"name\":\"Comment\",\"target\":[\"https:\/\/menuiserie-louisjallet.fr\/index.php\/2021\/06\/25\/conseils-bien-choisir-porte-entree\/#respond\"]}]},{\"@type\":\"WebPage\",\"@id\":\"https:\/\/menuiserie-louisjallet.fr\/index.php\/2021\/06\/25\/conseils-bien-choisir-porte-entree\/\",\"url\":\"https:\/\/menuiserie-louisjallet.fr\/index.php\/2021\/06\/25\/conseils-bien-choisir-porte-entree\/\",\"name\":\"Bien choisir votre porte d'entr\u00e9e : tous nos conseils - Louis Jallet\",\"isPartOf\":{\"@id\":\"https:\/\/menuiserie-louisjallet.fr\/#website\"},\"primaryImageOfPage\":{\"@id\":\"https:\/\/menuiserie-louisjallet.fr\/index.php\/2021\/06\/25\/conseils-bien-choisir-porte-entree\/#primaryimage\"},\"image\":{\"@id\":\"https:\/\/menuiserie-louisjallet.fr\/index.php\/2021\/06\/25\/conseils-bien-choisir-porte-entree\/#primaryimage\"},\"thumbnailUrl\":\"https:\/\/menuiserie-louisjallet.fr\/wp-content\/uploads\/2021\/06\/Portes-dentree-pleine-vitree-semi-vitree-\u00a9ARMEN.png\",\"datePublished\":\"2021-06-25T13:52:03+00:00\",\"dateModified\":\"2021-06-29T18:13:27+00:00\",\"description\":\"Pour bien choisir votre porte d'entr\u00e9e, plusieurs d\u00e9tails (mat\u00e9riau, design et forme) sont \u00e0 prendre en compte selon vos go\u00fbts\",\"breadcrumb\":{\"@id\":\"https:\/\/menuiserie-louisjallet.fr\/index.php\/2021\/06\/25\/conseils-bien-choisir-porte-entree\/#breadcrumb\"},\"inLanguage\":\"fr-FR\",\"potentialAction\":[{\"@type\":\"ReadAction\",\"target\":[\"https:\/\/menuiserie-louisjallet.fr\/index.php\/2021\/06\/25\/conseils-bien-choisir-porte-entree\/\"]}]},{\"@type\":\"ImageObject\",\"inLanguage\":\"fr-FR\",\"@id\":\"https:\/\/menuiserie-louisjallet.fr\/index.php\/2021\/06\/25\/conseils-bien-choisir-porte-entree\/#primaryimage\",\"url\":\"https:\/\/menuiserie-louisjallet.fr\/wp-content\/uploads\/2021\/06\/Portes-dentree-pleine-vitree-semi-vitree-\u00a9ARMEN.png\",\"contentUrl\":\"https:\/\/menuiserie-louisjallet.fr\/wp-content\/uploads\/2021\/06\/Portes-dentree-pleine-vitree-semi-vitree-\u00a9ARMEN.png\",\"width\":2000,\"height\":1600,\"caption\":\"Portes d\u2019entr\u00e9e : pleine, vitr\u00e9e et semi-vitr\u00e9e \u00a9ARMEN\"},{\"@type\":\"BreadcrumbList\",\"@id\":\"https:\/\/menuiserie-louisjallet.fr\/index.php\/2021\/06\/25\/conseils-bien-choisir-porte-entree\/#breadcrumb\",\"itemListElement\":[{\"@type\":\"ListItem\",\"position\":1,\"name\":\"Accueil\",\"item\":\"https:\/\/menuiserie-louisjallet.fr\/\"},{\"@type\":\"ListItem\",\"position\":2,\"name\":\"Nos conseils pour bien choisir votre porte d\u2019entr\u00e9e\"}]},{\"@type\":\"WebSite\",\"@id\":\"https:\/\/menuiserie-louisjallet.fr\/#website\",\"url\":\"https:\/\/menuiserie-louisjallet.fr\/\",\"name\":\"\u00c9tablissements Louis Jallet | Charpentes et Menuiseries \u00e0 Nercillac depuis 1938\",\"description\":\"\u00c9tablissements Louis Jallet | Charpentes et Menuiseries\",\"publisher\":{\"@id\":\"https:\/\/menuiserie-louisjallet.fr\/#organization\"},\"potentialAction\":[{\"@type\":\"SearchAction\",\"target\":{\"@type\":\"EntryPoint\",\"urlTemplate\":\"https:\/\/menuiserie-louisjallet.fr\/?s={search_term_string}\"},\"query-input\":\"required name=search_term_string\"}],\"inLanguage\":\"fr-FR\"},{\"@type\":\"Organization\",\"@id\":\"https:\/\/menuiserie-louisjallet.fr\/#organization\",\"name\":\"\u00c9tablissements Louis Jallet\",\"url\":\"https:\/\/menuiserie-louisjallet.fr\/\",\"logo\":{\"@type\":\"ImageObject\",\"inLanguage\":\"fr-FR\",\"@id\":\"https:\/\/menuiserie-louisjallet.fr\/#\/schema\/logo\/image\/\",\"url\":\"https:\/\/menuiserie-louisjallet.fr\/wp-content\/uploads\/2021\/06\/Logo-LOUIS-JALLET-carre.png\",\"contentUrl\":\"https:\/\/menuiserie-louisjallet.fr\/wp-content\/uploads\/2021\/06\/Logo-LOUIS-JALLET-carre.png\",\"width\":500,\"height\":500,\"caption\":\"\u00c9tablissements Louis Jallet\"},\"image\":{\"@id\":\"https:\/\/menuiserie-louisjallet.fr\/#\/schema\/logo\/image\/\"}},{\"@type\":\"Person\",\"@id\":\"https:\/\/menuiserie-louisjallet.fr\/#\/schema\/person\/e24cb7a5d33134a0cb08ca0c102ad9d8\",\"name\":\"\u00c9tablissements Louis Jallet\",\"image\":{\"@type\":\"ImageObject\",\"inLanguage\":\"fr-FR\",\"@id\":\"https:\/\/menuiserie-louisjallet.fr\/#\/schema\/person\/image\/\",\"url\":\"https:\/\/secure.gravatar.com\/avatar\/b39e5bb0aba7ab68c8da6a552011def21c7ef3534764f19fad903a2b53b6c675?s=96&d=mm&r=g\",\"contentUrl\":\"https:\/\/secure.gravatar.com\/avatar\/b39e5bb0aba7ab68c8da6a552011def21c7ef3534764f19fad903a2b53b6c675?s=96&d=mm&r=g\",\"caption\":\"\u00c9tablissements Louis Jallet\"},\"sameAs\":[\"http:\/\/menuiserie-louisjallet.fr\"],\"url\":\"https:\/\/menuiserie-louisjallet.fr\/index.php\/author\/juliette-gjlive-fr\/\"}]}<\/script>\n<!-- \/ Yoast SEO plugin. -->","yoast_head_json":{"title":"Bien choisir votre porte d'entr\u00e9e : tous nos conseils - Louis Jallet","description":"Pour bien choisir votre porte d'entr\u00e9e, plusieurs d\u00e9tails (mat\u00e9riau, design et forme) sont \u00e0 prendre en compte selon vos go\u00fbts","robots":{"index":"index","follow":"follow","max-snippet":"max-snippet:-1","max-image-preview":"max-image-preview:large","max-video-preview":"max-video-preview:-1"},"canonical":"https:\/\/menuiserie-louisjallet.fr\/index.php\/2021\/06\/25\/conseils-bien-choisir-porte-entree\/","og_locale":"fr_FR","og_type":"article","og_title":"Bien choisir votre porte d'entr\u00e9e : tous nos conseils - Louis Jallet","og_description":"Pour bien choisir votre porte d'entr\u00e9e, plusieurs d\u00e9tails (mat\u00e9riau, design et forme) sont \u00e0 prendre en compte selon vos go\u00fbts","og_url":"https:\/\/menuiserie-louisjallet.fr\/index.php\/2021\/06\/25\/conseils-bien-choisir-porte-entree\/","og_site_name":"\u00c9tablissements Louis Jallet | Charpentes et Menuiseries \u00e0 Nercillac depuis 1938","article_published_time":"2021-06-25T13:52:03+00:00","article_modified_time":"2021-06-29T18:13:27+00:00","og_image":[{"width":2000,"height":1600,"url":"https:\/\/menuiserie-louisjallet.fr\/wp-content\/uploads\/2021\/06\/Portes-dentree-pleine-vitree-semi-vitree-\u00a9ARMEN.png","type":"image\/png"}],"author":"\u00c9tablissements Louis Jallet","twitter_card":"summary_large_image","twitter_misc":{"\u00c9crit par":"\u00c9tablissements Louis Jallet","Dur\u00e9e de lecture estim\u00e9e":"6 minutes"},"schema":{"@context":"https:\/\/schema.org","@graph":[{"@type":"Article","@id":"https:\/\/menuiserie-louisjallet.fr\/index.php\/2021\/06\/25\/conseils-bien-choisir-porte-entree\/#article","isPartOf":{"@id":"https:\/\/menuiserie-louisjallet.fr\/index.php\/2021\/06\/25\/conseils-bien-choisir-porte-entree\/"},"author":{"name":"\u00c9tablissements Louis Jallet","@id":"https:\/\/menuiserie-louisjallet.fr\/#\/schema\/person\/e24cb7a5d33134a0cb08ca0c102ad9d8"},"headline":"Nos conseils pour bien choisir votre porte d\u2019entr\u00e9e","datePublished":"2021-06-25T13:52:03+00:00","dateModified":"2021-06-29T18:13:27+00:00","mainEntityOfPage":{"@id":"https:\/\/menuiserie-louisjallet.fr\/index.php\/2021\/06\/25\/conseils-bien-choisir-porte-entree\/"},"wordCount":1131,"commentCount":0,"publisher":{"@id":"https:\/\/menuiserie-louisjallet.fr\/#organization"},"image":{"@id":"https:\/\/menuiserie-louisjallet.fr\/index.php\/2021\/06\/25\/conseils-bien-choisir-porte-entree\/#primaryimage"},"thumbnailUrl":"https:\/\/menuiserie-louisjallet.fr\/wp-content\/uploads\/2021\/06\/Portes-dentree-pleine-vitree-semi-vitree-\u00a9ARMEN.png","articleSection":["Uncategorized"],"inLanguage":"fr-FR","potentialAction":[{"@type":"CommentAction","name":"Comment","target":["https:\/\/menuiserie-louisjallet.fr\/index.php\/2021\/06\/25\/conseils-bien-choisir-porte-entree\/#respond"]}]},{"@type":"WebPage","@id":"https:\/\/menuiserie-louisjallet.fr\/index.php\/2021\/06\/25\/conseils-bien-choisir-porte-entree\/","url":"https:\/\/menuiserie-louisjallet.fr\/index.php\/2021\/06\/25\/conseils-bien-choisir-porte-entree\/","name":"Bien choisir votre porte d'entr\u00e9e : tous nos conseils - Louis Jallet","isPartOf":{"@id":"https:\/\/menuiserie-louisjallet.fr\/#website"},"primaryImageOfPage":{"@id":"https:\/\/menuiserie-louisjallet.fr\/index.php\/2021\/06\/25\/conseils-bien-choisir-porte-entree\/#primaryimage"},"image":{"@id":"https:\/\/menuiserie-louisjallet.fr\/index.php\/2021\/06\/25\/conseils-bien-choisir-porte-entree\/#primaryimage"},"thumbnailUrl":"https:\/\/menuiserie-louisjallet.fr\/wp-content\/uploads\/2021\/06\/Portes-dentree-pleine-vitree-semi-vitree-\u00a9ARMEN.png","datePublished":"2021-06-25T13:52:03+00:00","dateModified":"2021-06-29T18:13:27+00:00","description":"Pour bien choisir votre porte d'entr\u00e9e, plusieurs d\u00e9tails (mat\u00e9riau, design et forme) sont \u00e0 prendre en compte selon vos go\u00fbts","breadcrumb":{"@id":"https:\/\/menuiserie-louisjallet.fr\/index.php\/2021\/06\/25\/conseils-bien-choisir-porte-entree\/#breadcrumb"},"inLanguage":"fr-FR","potentialAction":[{"@type":"ReadAction","target":["https:\/\/menuiserie-louisjallet.fr\/index.php\/2021\/06\/25\/conseils-bien-choisir-porte-entree\/"]}]},{"@type":"ImageObject","inLanguage":"fr-FR","@id":"https:\/\/menuiserie-louisjallet.fr\/index.php\/2021\/06\/25\/conseils-bien-choisir-porte-entree\/#primaryimage","url":"https:\/\/menuiserie-louisjallet.fr\/wp-content\/uploads\/2021\/06\/Portes-dentree-pleine-vitree-semi-vitree-\u00a9ARMEN.png","contentUrl":"https:\/\/menuiserie-louisjallet.fr\/wp-content\/uploads\/2021\/06\/Portes-dentree-pleine-vitree-semi-vitree-\u00a9ARMEN.png","width":2000,"height":1600,"caption":"Portes d\u2019entr\u00e9e : pleine, vitr\u00e9e et semi-vitr\u00e9e \u00a9ARMEN"},{"@type":"BreadcrumbList","@id":"https:\/\/menuiserie-louisjallet.fr\/index.php\/2021\/06\/25\/conseils-bien-choisir-porte-entree\/#breadcrumb","itemListElement":[{"@type":"ListItem","position":1,"name":"Accueil","item":"https:\/\/menuiserie-louisjallet.fr\/"},{"@type":"ListItem","position":2,"name":"Nos conseils pour bien choisir votre porte d\u2019entr\u00e9e"}]},{"@type":"WebSite","@id":"https:\/\/menuiserie-louisjallet.fr\/#website","url":"https:\/\/menuiserie-louisjallet.fr\/","name":"\u00c9tablissements Louis Jallet | Charpentes et Menuiseries \u00e0 Nercillac depuis 1938","description":"\u00c9tablissements Louis Jallet | Charpentes et Menuiseries","publisher":{"@id":"https:\/\/menuiserie-louisjallet.fr\/#organization"},"potentialAction":[{"@type":"SearchAction","target":{"@type":"EntryPoint","urlTemplate":"https:\/\/menuiserie-louisjallet.fr\/?s={search_term_string}"},"query-input":"required name=search_term_string"}],"inLanguage":"fr-FR"},{"@type":"Organization","@id":"https:\/\/menuiserie-louisjallet.fr\/#organization","name":"\u00c9tablissements Louis Jallet","url":"https:\/\/menuiserie-louisjallet.fr\/","logo":{"@type":"ImageObject","inLanguage":"fr-FR","@id":"https:\/\/menuiserie-louisjallet.fr\/#\/schema\/logo\/image\/","url":"https:\/\/menuiserie-louisjallet.fr\/wp-content\/uploads\/2021\/06\/Logo-LOUIS-JALLET-carre.png","contentUrl":"https:\/\/menuiserie-louisjallet.fr\/wp-content\/uploads\/2021\/06\/Logo-LOUIS-JALLET-carre.png","width":500,"height":500,"caption":"\u00c9tablissements Louis Jallet"},"image":{"@id":"https:\/\/menuiserie-louisjallet.fr\/#\/schema\/logo\/image\/"}},{"@type":"Person","@id":"https:\/\/menuiserie-louisjallet.fr\/#\/schema\/person\/e24cb7a5d33134a0cb08ca0c102ad9d8","name":"\u00c9tablissements Louis Jallet","image":{"@type":"ImageObject","inLanguage":"fr-FR","@id":"https:\/\/menuiserie-louisjallet.fr\/#\/schema\/person\/image\/","url":"https:\/\/secure.gravatar.com\/avatar\/b39e5bb0aba7ab68c8da6a552011def21c7ef3534764f19fad903a2b53b6c675?s=96&d=mm&r=g","contentUrl":"https:\/\/secure.gravatar.com\/avatar\/b39e5bb0aba7ab68c8da6a552011def21c7ef3534764f19fad903a2b53b6c675?s=96&d=mm&r=g","caption":"\u00c9tablissements Louis Jallet"},"sameAs":["http:\/\/menuiserie-louisjallet.fr"],"url":"https:\/\/menuiserie-louisjallet.fr\/index.php\/author\/juliette-gjlive-fr\/"}]}},"_links":{"self":[{"href":"https:\/\/menuiserie-louisjallet.fr\/index.php\/wp-json\/wp\/v2\/posts\/2558","targetHints":{"allow":["GET"]}}],"collection":[{"href":"https:\/\/menuiserie-louisjallet.fr\/index.php\/wp-json\/wp\/v2\/posts"}],"about":[{"href":"https:\/\/menuiserie-louisjallet.fr\/index.php\/wp-json\/wp\/v2\/types\/post"}],"author":[{"embeddable":true,"href":"https:\/\/menuiserie-louisjallet.fr\/index.php\/wp-json\/wp\/v2\/users\/1"}],"replies":[{"embeddable":true,"href":"https:\/\/menuiserie-louisjallet.fr\/index.php\/wp-json\/wp\/v2\/comments?post=2558"}],"version-history":[{"count":76,"href":"https:\/\/menuiserie-louisjallet.fr\/index.php\/wp-json\/wp\/v2\/posts\/2558\/revisions"}],"predecessor-version":[{"id":3557,"href":"https:\/\/menuiserie-louisjallet.fr\/index.php\/wp-json\/wp\/v2\/posts\/2558\/revisions\/3557"}],"wp:featuredmedia":[{"embeddable":true,"href":"https:\/\/menuiserie-louisjallet.fr\/index.php\/wp-json\/wp\/v2\/media\/2574"}],"wp:attachment":[{"href":"https:\/\/menuiserie-louisjallet.fr\/index.php\/wp-json\/wp\/v2\/media?parent=2558"}],"wp:term":[{"taxonomy":"category","embeddable":true,"href":"https:\/\/menuiserie-louisjallet.fr\/index.php\/wp-json\/wp\/v2\/categories?post=2558"},{"taxonomy":"post_tag","embeddable":true,"href":"https:\/\/menuiserie-louisjallet.fr\/index.php\/wp-json\/wp\/v2\/tags?post=2558"}],"curies":[{"name":"wp","href":"https:\/\/api.w.org\/{rel}","templated":true}]}}