{"id":2523,"date":"2021-06-25T12:44:36","date_gmt":"2021-06-25T12:44:36","guid":{"rendered":"https:\/\/menuiserie-louisjallet.fr\/index.php\/2021\/06\/25\/article-test-copy\/"},"modified":"2021-06-29T18:18:44","modified_gmt":"2021-06-29T18:18:44","slug":"maison-bien-isolee-toutes-saisons","status":"publish","type":"post","link":"https:\/\/menuiserie-louisjallet.fr\/index.php\/2021\/06\/25\/maison-bien-isolee-toutes-saisons\/","title":{"rendered":"Votre maison : bien isol\u00e9e en toutes saisons"},"content":{"rendered":"\t\t<div data-elementor-type=\"wp-post\" data-elementor-id=\"2523\" class=\"elementor elementor-2523\">\n\t\t\t\t\t\t<section class=\"elementor-section elementor-top-section elementor-element elementor-element-8eee77f elementor-section-boxed elementor-section-height-default elementor-section-height-default\" data-id=\"8eee77f\" data-element_type=\"section\">\n\t\t\t\t\t\t<div class=\"elementor-container elementor-column-gap-default\">\n\t\t\t\t\t<div class=\"elementor-column elementor-col-100 elementor-top-column elementor-element elementor-element-9876241\" data-id=\"9876241\" data-element_type=\"column\">\n\t\t\t<div class=\"elementor-widget-wrap elementor-element-populated\">\n\t\t\t\t\t\t<div class=\"elementor-element elementor-element-07c5438 elementor-widget__width-inherit elementor-widget-divider--view-line elementor-widget elementor-widget-divider\" data-id=\"07c5438\" data-element_type=\"widget\" data-widget_type=\"divider.default\">\n\t\t\t\t<div class=\"elementor-widget-container\">\n\t\t\t\t\t<div class=\"elementor-divider\">\n\t\t\t<span class=\"elementor-divider-separator\">\n\t\t\t\t\t\t<\/span>\n\t\t<\/div>\n\t\t\t\t<\/div>\n\t\t\t\t<\/div>\n\t\t\t\t\t<\/div>\n\t\t<\/div>\n\t\t\t\t\t<\/div>\n\t\t<\/section>\n\t\t\t\t<section class=\"elementor-section elementor-top-section elementor-element elementor-element-b4adfae elementor-section-boxed elementor-section-height-default elementor-section-height-default\" data-id=\"b4adfae\" data-element_type=\"section\">\n\t\t\t\t\t\t<div class=\"elementor-container elementor-column-gap-default\">\n\t\t\t\t\t<div class=\"elementor-column elementor-col-100 elementor-top-column elementor-element elementor-element-cda3c6b\" data-id=\"cda3c6b\" data-element_type=\"column\">\n\t\t\t<div class=\"elementor-widget-wrap elementor-element-populated\">\n\t\t\t\t\t\t<div class=\"elementor-element elementor-element-b9f409c elementor-widget elementor-widget-heading\" data-id=\"b9f409c\" data-element_type=\"widget\" data-widget_type=\"heading.default\">\n\t\t\t\t<div class=\"elementor-widget-container\">\n\t\t\t<h1 class=\"elementor-heading-title elementor-size-default\">Votre maison : bien isol\u00e9e en toutes saisons<\/h1>\t\t<\/div>\n\t\t\t\t<\/div>\n\t\t\t\t\t<\/div>\n\t\t<\/div>\n\t\t\t\t\t<\/div>\n\t\t<\/section>\n\t\t\t\t<section class=\"elementor-section elementor-top-section elementor-element elementor-element-36942f2 elementor-section-boxed elementor-section-height-default elementor-section-height-default\" data-id=\"36942f2\" data-element_type=\"section\">\n\t\t\t\t\t\t<div class=\"elementor-container elementor-column-gap-default\">\n\t\t\t\t\t<div class=\"elementor-column elementor-col-100 elementor-top-column elementor-element elementor-element-f8cb286\" data-id=\"f8cb286\" data-element_type=\"column\">\n\t\t\t<div class=\"elementor-widget-wrap elementor-element-populated\">\n\t\t\t\t\t\t<div class=\"elementor-element elementor-element-82d09ea elementor-widget elementor-widget-text-editor\" data-id=\"82d09ea\" data-element_type=\"widget\" data-widget_type=\"text-editor.default\">\n\t\t\t\t<div class=\"elementor-widget-container\">\n\t\t\t\t\t\t\t<p><b>\u00c9t\u00e9 comme hiver, il est indispensable de pouvoir compter sur une maison bien isol\u00e9e, afin de maintenir la fra\u00eecheur ou d\u2019\u00e9viter les d\u00e9perditions de chaleur et d\u2019\u00e9nergie. Retrouvez dans cet article nos meilleurs conseils concernant l\u2019isolation thermique de votre habitation, incluant les combles, les fen\u00eatres et les volets ou brise-soleil.<\/b><\/p>\t\t\t\t\t\t<\/div>\n\t\t\t\t<\/div>\n\t\t\t\t\t<\/div>\n\t\t<\/div>\n\t\t\t\t\t<\/div>\n\t\t<\/section>\n\t\t\t\t<section class=\"elementor-section elementor-top-section elementor-element elementor-element-c9242e3 elementor-section-boxed elementor-section-height-default elementor-section-height-default\" data-id=\"c9242e3\" data-element_type=\"section\">\n\t\t\t\t\t\t<div class=\"elementor-container elementor-column-gap-default\">\n\t\t\t\t\t<div class=\"elementor-column elementor-col-100 elementor-top-column elementor-element elementor-element-f3b3644\" data-id=\"f3b3644\" data-element_type=\"column\">\n\t\t\t<div class=\"elementor-widget-wrap elementor-element-populated\">\n\t\t\t\t\t\t<div class=\"elementor-element elementor-element-3fe9bc2 elementor-widget elementor-widget-heading\" data-id=\"3fe9bc2\" data-element_type=\"widget\" data-widget_type=\"heading.default\">\n\t\t\t\t<div class=\"elementor-widget-container\">\n\t\t\t<h2 class=\"elementor-heading-title elementor-size-default\">Pensez \u00e0 bien isoler vos menuiseries et vos combles<\/h2>\t\t<\/div>\n\t\t\t\t<\/div>\n\t\t\t\t<div class=\"elementor-element elementor-element-6fcc3d0 elementor-widget elementor-widget-text-editor\" data-id=\"6fcc3d0\" data-element_type=\"widget\" data-widget_type=\"text-editor.default\">\n\t\t\t\t<div class=\"elementor-widget-container\">\n\t\t\t\t\t\t\t<p>En hiver, les menuiseries et les combles sont fr\u00e9quemment <b>sources de d\u00e9perditions de chaleur<\/b>, et l\u2019air froid s\u2019y glisse parfois. Ce qui peut engendrer un inconfort et des d\u00e9penses \u00e9nerg\u00e9tiques cons\u00e9quentes. Il est donc n\u00e9cessaire d\u2019am\u00e9liorer les performances thermiques et l\u2019isolation de son habitation.<\/p>\t\t\t\t\t\t<\/div>\n\t\t\t\t<\/div>\n\t\t\t\t\t<\/div>\n\t\t<\/div>\n\t\t\t\t\t<\/div>\n\t\t<\/section>\n\t\t\t\t<section class=\"elementor-section elementor-top-section elementor-element elementor-element-046f9bb elementor-section-boxed elementor-section-height-default elementor-section-height-default\" data-id=\"046f9bb\" data-element_type=\"section\">\n\t\t\t\t\t\t<div class=\"elementor-container elementor-column-gap-default\">\n\t\t\t\t\t<div class=\"elementor-column elementor-col-100 elementor-top-column elementor-element elementor-element-1c5bd71\" data-id=\"1c5bd71\" data-element_type=\"column\">\n\t\t\t<div class=\"elementor-widget-wrap elementor-element-populated\">\n\t\t\t\t\t\t<section class=\"elementor-section elementor-inner-section elementor-element elementor-element-20d0a6b elementor-section-boxed elementor-section-height-default elementor-section-height-default\" data-id=\"20d0a6b\" data-element_type=\"section\">\n\t\t\t\t\t\t<div class=\"elementor-container elementor-column-gap-default\">\n\t\t\t\t\t<div class=\"elementor-column elementor-col-50 elementor-inner-column elementor-element elementor-element-8cf576b\" data-id=\"8cf576b\" data-element_type=\"column\">\n\t\t\t<div class=\"elementor-widget-wrap elementor-element-populated\">\n\t\t\t\t\t\t<div class=\"elementor-element elementor-element-0714a0e elementor-widget elementor-widget-heading\" data-id=\"0714a0e\" data-element_type=\"widget\" data-widget_type=\"heading.default\">\n\t\t\t\t<div class=\"elementor-widget-container\">\n\t\t\t<h3 class=\"elementor-heading-title elementor-size-default\">Quels sont les avantages de l\u2019isolation thermique ?<\/h3>\t\t<\/div>\n\t\t\t\t<\/div>\n\t\t\t\t<div class=\"elementor-element elementor-element-f257ee3 elementor-widget elementor-widget-text-editor\" data-id=\"f257ee3\" data-element_type=\"widget\" data-widget_type=\"text-editor.default\">\n\t\t\t\t<div class=\"elementor-widget-container\">\n\t\t\t\t\t\t\t<p>Saviez-vous que 25% de la d\u00e9perdition de chaleur est caus\u00e9e par des menuiseries et ouvertures (fen\u00eatres et portes) peu \u00e9tanches ? L\u2019isolation thermique des ouvertures est donc indispensable, \u00e0 la fois pour <b>votre confort <\/b>et le bien-\u00eatre de notre plan\u00e8te. En plus de participer \u00e0 la protection de l\u2019environnement, l\u2019isolation thermique poss\u00e8de aussi de nombreux avantages. Le plus \u00e9vident est bien s\u00fbr de ne plus ressentir le froid lorsque nous sommes pr\u00e8s des ouvertures, mais \u00e9galement de supprimer la bu\u00e9e pr\u00e9sente sur les vitres. Elle permet aussi de <b>r\u00e9duire la facture de chauffage<\/b> et contribue ainsi \u00e0 faire des \u00e9conomies.<\/p>\t\t\t\t\t\t<\/div>\n\t\t\t\t<\/div>\n\t\t\t\t<div class=\"elementor-element elementor-element-f8847ef elementor-widget elementor-widget-heading\" data-id=\"f8847ef\" data-element_type=\"widget\" data-widget_type=\"heading.default\">\n\t\t\t\t<div class=\"elementor-widget-container\">\n\t\t\t<h3 class=\"elementor-heading-title elementor-size-default\">Comment am\u00e9liorer vos performances thermiques ?<\/h3>\t\t<\/div>\n\t\t\t\t<\/div>\n\t\t\t\t<div class=\"elementor-element elementor-element-0a4f765 elementor-widget elementor-widget-text-editor\" data-id=\"0a4f765\" data-element_type=\"widget\" data-widget_type=\"text-editor.default\">\n\t\t\t\t<div class=\"elementor-widget-container\">\n\t\t\t\t\t\t\t<p>Vous l\u2019aurez compris, afin d\u2019am\u00e9liorer efficacement le confort thermique chez vous, l\u2019id\u00e9al est donc d\u2019isoler du mieux possible vos fen\u00eatres, porte-fen\u00eatres, baies vitr\u00e9es ou encore fen\u00eatres de toit. La meilleure solution pour des <b>parois vitr\u00e9es isolantes<\/b> est de remplacer les menuiseries v\u00e9tustes par des mod\u00e8les plus performants. Pour r\u00e9aliser une bonne isolation thermique, il est utile de prendre en compte deux facteurs : tout d\u2019abord le <b>choix de la structure<\/b> (exemple : le PVC qui est facile d\u2019entretien et un bon isolant, le bois qui est un isolant naturel, ou l\u2019aluminium), et ensuite le <b>choix du vitrage<\/b> (en prenant en compte plusieurs crit\u00e8res, tels que l\u2019\u00e9paisseur des vitres et l\u2019ajout de gaz argon entre celles-ci, ou encore le traitement anti-r\u00e9fl\u00e9chissant).<\/p>\t\t\t\t\t\t<\/div>\n\t\t\t\t<\/div>\n\t\t\t\t\t<\/div>\n\t\t<\/div>\n\t\t\t\t<div class=\"elementor-column elementor-col-50 elementor-inner-column elementor-element elementor-element-1882660\" data-id=\"1882660\" data-element_type=\"column\">\n\t\t\t<div class=\"elementor-widget-wrap elementor-element-populated\">\n\t\t\t\t\t\t<div class=\"elementor-element elementor-element-c7cd828 elementor-widget elementor-widget-image\" data-id=\"c7cd828\" data-element_type=\"widget\" data-widget_type=\"image.default\">\n\t\t\t\t<div class=\"elementor-widget-container\">\n\t\t\t\t\t\t\t\t\t\t<figure class=\"wp-caption\">\n\t\t\t\t\t\t\t\t\t\t<img fetchpriority=\"high\" decoding=\"async\" width=\"768\" height=\"939\" src=\"https:\/\/menuiserie-louisjallet.fr\/wp-content\/uploads\/2021\/06\/Porte-fenetre-\u00a9REVEAU-768x939.jpg\" class=\"attachment-medium_large size-medium_large wp-image-2531\" alt=\"Porte-fen\u00eatre \u00a9REVEAU\" srcset=\"https:\/\/menuiserie-louisjallet.fr\/wp-content\/uploads\/2021\/06\/Porte-fenetre-\u00a9REVEAU-768x939.jpg 768w, https:\/\/menuiserie-louisjallet.fr\/wp-content\/uploads\/2021\/06\/Porte-fenetre-\u00a9REVEAU-245x300.jpg 245w, https:\/\/menuiserie-louisjallet.fr\/wp-content\/uploads\/2021\/06\/Porte-fenetre-\u00a9REVEAU.jpg 790w\" sizes=\"(max-width: 768px) 100vw, 768px\" \/>\t\t\t\t\t\t\t\t\t\t\t<figcaption class=\"widget-image-caption wp-caption-text\">Porte-fen\u00eatre \u00a9REVEAU\n<\/figcaption>\n\t\t\t\t\t\t\t\t\t\t<\/figure>\n\t\t\t\t\t\t\t<\/div>\n\t\t\t\t<\/div>\n\t\t\t\t\t<\/div>\n\t\t<\/div>\n\t\t\t\t\t<\/div>\n\t\t<\/section>\n\t\t\t\t<div class=\"elementor-element elementor-element-f9134ab elementor-widget elementor-widget-spacer\" data-id=\"f9134ab\" data-element_type=\"widget\" data-widget_type=\"spacer.default\">\n\t\t\t\t<div class=\"elementor-widget-container\">\n\t\t\t\t\t<div class=\"elementor-spacer\">\n\t\t\t<div class=\"elementor-spacer-inner\"><\/div>\n\t\t<\/div>\n\t\t\t\t<\/div>\n\t\t\t\t<\/div>\n\t\t\t\t<section class=\"elementor-section elementor-inner-section elementor-element elementor-element-e3c00c8 elementor-section-boxed elementor-section-height-default elementor-section-height-default\" data-id=\"e3c00c8\" data-element_type=\"section\">\n\t\t\t\t\t\t<div class=\"elementor-container elementor-column-gap-default\">\n\t\t\t\t\t<div class=\"elementor-column elementor-col-50 elementor-inner-column elementor-element elementor-element-2255753\" data-id=\"2255753\" data-element_type=\"column\">\n\t\t\t<div class=\"elementor-widget-wrap elementor-element-populated\">\n\t\t\t\t\t\t<div class=\"elementor-element elementor-element-e675066 elementor-widget elementor-widget-image\" data-id=\"e675066\" data-element_type=\"widget\" data-widget_type=\"image.default\">\n\t\t\t\t<div class=\"elementor-widget-container\">\n\t\t\t\t\t\t\t\t\t\t<figure class=\"wp-caption\">\n\t\t\t\t\t\t\t\t\t\t<img decoding=\"async\" width=\"800\" height=\"400\" src=\"https:\/\/menuiserie-louisjallet.fr\/wp-content\/uploads\/2021\/06\/Laine-de-verre-isolation.jpg\" class=\"attachment-large size-large wp-image-2549\" alt=\"Laine de verre utilis\u00e9e en isolation\" srcset=\"https:\/\/menuiserie-louisjallet.fr\/wp-content\/uploads\/2021\/06\/Laine-de-verre-isolation.jpg 800w, https:\/\/menuiserie-louisjallet.fr\/wp-content\/uploads\/2021\/06\/Laine-de-verre-isolation-300x150.jpg 300w, https:\/\/menuiserie-louisjallet.fr\/wp-content\/uploads\/2021\/06\/Laine-de-verre-isolation-768x384.jpg 768w\" sizes=\"(max-width: 800px) 100vw, 800px\" \/>\t\t\t\t\t\t\t\t\t\t\t<figcaption class=\"widget-image-caption wp-caption-text\">Laine de verre utilis\u00e9e en isolation\n<\/figcaption>\n\t\t\t\t\t\t\t\t\t\t<\/figure>\n\t\t\t\t\t\t\t<\/div>\n\t\t\t\t<\/div>\n\t\t\t\t\t<\/div>\n\t\t<\/div>\n\t\t\t\t<div class=\"elementor-column elementor-col-50 elementor-inner-column elementor-element elementor-element-312c7d2\" data-id=\"312c7d2\" data-element_type=\"column\">\n\t\t\t<div class=\"elementor-widget-wrap elementor-element-populated\">\n\t\t\t\t\t\t<div class=\"elementor-element elementor-element-9b69501 elementor-widget elementor-widget-heading\" data-id=\"9b69501\" data-element_type=\"widget\" data-widget_type=\"heading.default\">\n\t\t\t\t<div class=\"elementor-widget-container\">\n\t\t\t<h3 class=\"elementor-heading-title elementor-size-default\">Ne pas n\u00e9gliger l\u2019isolation des combles<\/h3>\t\t<\/div>\n\t\t\t\t<\/div>\n\t\t\t\t<div class=\"elementor-element elementor-element-a1ead20 elementor-widget elementor-widget-text-editor\" data-id=\"a1ead20\" data-element_type=\"widget\" data-widget_type=\"text-editor.default\">\n\t\t\t\t<div class=\"elementor-widget-container\">\n\t\t\t\t\t\t\t<p>Il faut savoir que les combles sont la <b>principale source de d\u00e9perdition thermique<\/b> d\u2019une habitation. En effet, en hiver, 30% des d\u00e9perditions passent par le toit. L\u2019isolation de vos combles est donc un poste essentiel, pourtant trop souvent n\u00e9glig\u00e9 dans une maison. L\u2019isolation (qu\u2019elle concerne des <b>combles perdus<\/b> ou des <b>combles am\u00e9nag\u00e9s<\/b>), doit donc \u00eatre correctement effectu\u00e9e dans le but de garantir un confort thermique et une consommation d\u2019\u00e9nergie normale dans votre maison. Une isolation mal r\u00e9alis\u00e9e ou un isolant mal pos\u00e9 n\u2019aura pas du tout les effets escompt\u00e9s dans le temps et sera une perte en termes d\u2019investissement. Pour vous garantir les meilleurs r\u00e9sultats, nous posons de la laine de verre selon des techniques bien particuli\u00e8res, permettant une <b>isolation optimale<\/b>, prot\u00e9geant votre logement du froid en hiver et de la chaleur en \u00e9t\u00e9.<\/p>\t\t\t\t\t\t<\/div>\n\t\t\t\t<\/div>\n\t\t\t\t\t<\/div>\n\t\t<\/div>\n\t\t\t\t\t<\/div>\n\t\t<\/section>\n\t\t\t\t\t<\/div>\n\t\t<\/div>\n\t\t\t\t\t<\/div>\n\t\t<\/section>\n\t\t\t\t<section class=\"elementor-section elementor-top-section elementor-element elementor-element-be59aaf elementor-section-boxed elementor-section-height-default elementor-section-height-default\" data-id=\"be59aaf\" data-element_type=\"section\">\n\t\t\t\t\t\t<div class=\"elementor-container elementor-column-gap-default\">\n\t\t\t\t\t<div class=\"elementor-column elementor-col-100 elementor-top-column elementor-element elementor-element-7b0d9ca\" data-id=\"7b0d9ca\" data-element_type=\"column\">\n\t\t\t<div class=\"elementor-widget-wrap elementor-element-populated\">\n\t\t\t\t\t\t<div class=\"elementor-element elementor-element-3b6db17 elementor-widget elementor-widget-heading\" data-id=\"3b6db17\" data-element_type=\"widget\" data-widget_type=\"heading.default\">\n\t\t\t\t<div class=\"elementor-widget-container\">\n\t\t\t<h2 class=\"elementor-heading-title elementor-size-default\">Am\u00e9liorez l\u2019isolation de vos fen\u00eatres<\/h2>\t\t<\/div>\n\t\t\t\t<\/div>\n\t\t\t\t<div class=\"elementor-element elementor-element-68ad732 elementor-widget elementor-widget-text-editor\" data-id=\"68ad732\" data-element_type=\"widget\" data-widget_type=\"text-editor.default\">\n\t\t\t\t<div class=\"elementor-widget-container\">\n\t\t\t\t\t\t\t<p>Chauffer votre logement mal isol\u00e9 peut \u00eatre une perte d\u2019\u00e9nergie et d\u2019argent. Les parties vitr\u00e9es (fen\u00eatres, baies et portes-fen\u00eatres) repr\u00e9sentent une tr\u00e8s grosse partie des d\u00e9perditions de chaleur, et les <b>ponts thermiques<\/b> y sont tr\u00e8s fr\u00e9quents.<\/p>\t\t\t\t\t\t<\/div>\n\t\t\t\t<\/div>\n\t\t\t\t<section class=\"elementor-section elementor-inner-section elementor-element elementor-element-6ef9981 elementor-section-boxed elementor-section-height-default elementor-section-height-default\" data-id=\"6ef9981\" data-element_type=\"section\">\n\t\t\t\t\t\t<div class=\"elementor-container elementor-column-gap-default\">\n\t\t\t\t\t<div class=\"elementor-column elementor-col-50 elementor-inner-column elementor-element elementor-element-9c11f79\" data-id=\"9c11f79\" data-element_type=\"column\">\n\t\t\t<div class=\"elementor-widget-wrap elementor-element-populated\">\n\t\t\t\t\t\t<div class=\"elementor-element elementor-element-47ca6ff elementor-widget elementor-widget-image\" data-id=\"47ca6ff\" data-element_type=\"widget\" data-widget_type=\"image.default\">\n\t\t\t\t<div class=\"elementor-widget-container\">\n\t\t\t\t\t\t\t\t\t\t<figure class=\"wp-caption\">\n\t\t\t\t\t\t\t\t\t\t<img decoding=\"async\" width=\"225\" height=\"300\" src=\"https:\/\/menuiserie-louisjallet.fr\/wp-content\/uploads\/2021\/06\/Fenetre-PVC-\u00a9Louis-Jallet-225x300.jpg\" class=\"attachment-medium size-medium wp-image-2550\" alt=\"Fen\u00eatre PVC \u00a9Louis Jallet\" srcset=\"https:\/\/menuiserie-louisjallet.fr\/wp-content\/uploads\/2021\/06\/Fenetre-PVC-\u00a9Louis-Jallet-225x300.jpg 225w, https:\/\/menuiserie-louisjallet.fr\/wp-content\/uploads\/2021\/06\/Fenetre-PVC-\u00a9Louis-Jallet-768x1024.jpg 768w, https:\/\/menuiserie-louisjallet.fr\/wp-content\/uploads\/2021\/06\/Fenetre-PVC-\u00a9Louis-Jallet-1152x1536.jpg 1152w, https:\/\/menuiserie-louisjallet.fr\/wp-content\/uploads\/2021\/06\/Fenetre-PVC-\u00a9Louis-Jallet.jpg 1440w\" sizes=\"(max-width: 225px) 100vw, 225px\" \/>\t\t\t\t\t\t\t\t\t\t\t<figcaption class=\"widget-image-caption wp-caption-text\">Fen\u00eatre PVC \u00a9Louis Jallet<\/figcaption>\n\t\t\t\t\t\t\t\t\t\t<\/figure>\n\t\t\t\t\t\t\t<\/div>\n\t\t\t\t<\/div>\n\t\t\t\t\t<\/div>\n\t\t<\/div>\n\t\t\t\t<div class=\"elementor-column elementor-col-50 elementor-inner-column elementor-element elementor-element-be7ceb4\" data-id=\"be7ceb4\" data-element_type=\"column\">\n\t\t\t<div class=\"elementor-widget-wrap elementor-element-populated\">\n\t\t\t\t\t\t<div class=\"elementor-element elementor-element-5603c31 elementor-widget elementor-widget-heading\" data-id=\"5603c31\" data-element_type=\"widget\" data-widget_type=\"heading.default\">\n\t\t\t\t<div class=\"elementor-widget-container\">\n\t\t\t<h3 class=\"elementor-heading-title elementor-size-default\">Remplacez vos fen\u00eatres<\/h3>\t\t<\/div>\n\t\t\t\t<\/div>\n\t\t\t\t<div class=\"elementor-element elementor-element-82d8fde elementor-widget elementor-widget-text-editor\" data-id=\"82d8fde\" data-element_type=\"widget\" data-widget_type=\"text-editor.default\">\n\t\t\t\t<div class=\"elementor-widget-container\">\n\t\t\t\t\t\t\t<p>Si l\u2019\u00e9tat de vos fen\u00eatres est mauvais, nous vous conseillons un remplacement car les nouveaux mod\u00e8les sont <b>de plus en plus isolants<\/b>. Deux solutions peuvent alors s\u2019offrir \u00e0 vous : la premi\u00e8re est <b>la d\u00e9pose totale<\/b> (qui consiste \u00e0 retirer int\u00e9gralement la fen\u00eatre existante pour la changer), la seconde est <b>le remplacement en r\u00e9novation <\/b>(lors duquel les montants de la menuiserie existante restent conserv\u00e9s, le nouveau dormant \u00e9tant install\u00e9 sur l\u2019ancien). Dans les deux cas, nous vous conseillons de faire appel \u00e0 nos services pour <b>faire poser votre fen\u00eatre<\/b>, afin de vous assurer qu\u2019aucun pont thermique ne soit cr\u00e9\u00e9.<\/p>\t\t\t\t\t\t<\/div>\n\t\t\t\t<\/div>\n\t\t\t\t\t<\/div>\n\t\t<\/div>\n\t\t\t\t\t<\/div>\n\t\t<\/section>\n\t\t\t\t<section class=\"elementor-section elementor-inner-section elementor-element elementor-element-d86cf96 elementor-section-boxed elementor-section-height-default elementor-section-height-default\" data-id=\"d86cf96\" data-element_type=\"section\">\n\t\t\t\t\t\t<div class=\"elementor-container elementor-column-gap-default\">\n\t\t\t\t\t<div class=\"elementor-column elementor-col-50 elementor-inner-column elementor-element elementor-element-d0ae811\" data-id=\"d0ae811\" data-element_type=\"column\">\n\t\t\t<div class=\"elementor-widget-wrap elementor-element-populated\">\n\t\t\t\t\t\t<div class=\"elementor-element elementor-element-f05ab3b elementor-widget elementor-widget-heading\" data-id=\"f05ab3b\" data-element_type=\"widget\" data-widget_type=\"heading.default\">\n\t\t\t\t<div class=\"elementor-widget-container\">\n\t\t\t<h3 class=\"elementor-heading-title elementor-size-default\">Optez pour un double vitrage performant<\/h3>\t\t<\/div>\n\t\t\t\t<\/div>\n\t\t\t\t<div class=\"elementor-element elementor-element-415b3bf elementor-widget elementor-widget-text-editor\" data-id=\"415b3bf\" data-element_type=\"widget\" data-widget_type=\"text-editor.default\">\n\t\t\t\t<div class=\"elementor-widget-container\">\n\t\t\t\t\t\t\t<p>Saviez-vous que le double vitrage permet de limiter la d\u00e9perdition de chaleur d\u2019au moins 40% par rapport \u00e0 un simple vitrage ? L\u2019isolation des vitrages est mesur\u00e9e par le coefficient \u00ab\u00a0Ug\u00a0\u00bb (celui d\u2019un simple vitrage est de 6,8 alors que celui du double vitrage est de 2,8), plus le chiffre \u00e9tant bas, plus l\u2019isolation est performante. Le <b>double vitrage permet plus de confort<\/b>, la chaleur en hiver \u00e9tant conserv\u00e9e dans la pi\u00e8ce. Nous pouvons \u00e9galement vous proposer des mod\u00e8les de <b>vitrages \u00e0 isolation renforc\u00e9e<\/b> (VIR), permettant de limiter les apports solaire en \u00e9t\u00e9, et donc de garantir un bon confort thermique aussi lorsqu\u2019il fait chaud. Enfin, le double vitrage s\u2019accompagne aussi d\u2019une meilleure <b>isolation acoustique<\/b> de votre habitat : il permet de limiter les bruits ext\u00e9rieurs (utile quand on habite en ville ou proche d\u2019une route tr\u00e8s fr\u00e9quent\u00e9e).<\/p>\t\t\t\t\t\t<\/div>\n\t\t\t\t<\/div>\n\t\t\t\t\t<\/div>\n\t\t<\/div>\n\t\t\t\t<div class=\"elementor-column elementor-col-50 elementor-inner-column elementor-element elementor-element-c9319bf\" data-id=\"c9319bf\" data-element_type=\"column\">\n\t\t\t<div class=\"elementor-widget-wrap elementor-element-populated\">\n\t\t\t\t\t\t<div class=\"elementor-element elementor-element-4ee1d7a elementor-widget elementor-widget-image\" data-id=\"4ee1d7a\" data-element_type=\"widget\" data-widget_type=\"image.default\">\n\t\t\t\t<div class=\"elementor-widget-container\">\n\t\t\t\t\t\t\t\t\t\t<figure class=\"wp-caption\">\n\t\t\t\t\t\t\t\t\t\t<img loading=\"lazy\" decoding=\"async\" width=\"930\" height=\"620\" src=\"https:\/\/menuiserie-louisjallet.fr\/wp-content\/uploads\/2021\/06\/Double-vitrage-930x620.jpg\" class=\"attachment-neve-blog size-neve-blog wp-image-2551\" alt=\"Double vitrage\" \/>\t\t\t\t\t\t\t\t\t\t\t<figcaption class=\"widget-image-caption wp-caption-text\">Double vitrage<\/figcaption>\n\t\t\t\t\t\t\t\t\t\t<\/figure>\n\t\t\t\t\t\t\t<\/div>\n\t\t\t\t<\/div>\n\t\t\t\t\t<\/div>\n\t\t<\/div>\n\t\t\t\t\t<\/div>\n\t\t<\/section>\n\t\t\t\t\t<\/div>\n\t\t<\/div>\n\t\t\t\t\t<\/div>\n\t\t<\/section>\n\t\t\t\t<section class=\"elementor-section elementor-top-section elementor-element elementor-element-707de46 elementor-section-boxed elementor-section-height-default elementor-section-height-default\" data-id=\"707de46\" data-element_type=\"section\">\n\t\t\t\t\t\t<div class=\"elementor-container elementor-column-gap-default\">\n\t\t\t\t\t<div class=\"elementor-column elementor-col-100 elementor-top-column elementor-element elementor-element-2414732\" data-id=\"2414732\" data-element_type=\"column\">\n\t\t\t<div class=\"elementor-widget-wrap elementor-element-populated\">\n\t\t\t\t\t\t<div class=\"elementor-element elementor-element-6987ae2 elementor-widget elementor-widget-heading\" data-id=\"6987ae2\" data-element_type=\"widget\" data-widget_type=\"heading.default\">\n\t\t\t\t<div class=\"elementor-widget-container\">\n\t\t\t<h2 class=\"elementor-heading-title elementor-size-default\">Ajoutez des volets battants, volets-roulants, et brise-soleil orientables devant vos fen\u00eatres<\/h2>\t\t<\/div>\n\t\t\t\t<\/div>\n\t\t\t\t<div class=\"elementor-element elementor-element-dabac59 elementor-widget elementor-widget-text-editor\" data-id=\"dabac59\" data-element_type=\"widget\" data-widget_type=\"text-editor.default\">\n\t\t\t\t<div class=\"elementor-widget-container\">\n\t\t\t\t\t\t\t<p>L\u2019\u00e9t\u00e9 s\u2019accompagne souvent de quelques d\u00e9sagr\u00e9ments (fortes temp\u00e9ratures, moustiques) contre lesquels il est possible de se pr\u00e9munir en utilisant les bons \u00e9quipements, afin notamment de <b>r\u00e9guler la chaleur dans votre habitat<\/b>.<\/p>\t\t\t\t\t\t<\/div>\n\t\t\t\t<\/div>\n\t\t\t\t<section class=\"elementor-section elementor-inner-section elementor-element elementor-element-64d4327 elementor-section-boxed elementor-section-height-default elementor-section-height-default\" data-id=\"64d4327\" data-element_type=\"section\">\n\t\t\t\t\t\t<div class=\"elementor-container elementor-column-gap-default\">\n\t\t\t\t\t<div class=\"elementor-column elementor-col-50 elementor-inner-column elementor-element elementor-element-708d62e\" data-id=\"708d62e\" data-element_type=\"column\">\n\t\t\t<div class=\"elementor-widget-wrap elementor-element-populated\">\n\t\t\t\t\t\t<div class=\"elementor-element elementor-element-547b7d2 elementor-widget elementor-widget-image\" data-id=\"547b7d2\" data-element_type=\"widget\" data-widget_type=\"image.default\">\n\t\t\t\t<div class=\"elementor-widget-container\">\n\t\t\t\t\t\t\t\t\t\t<figure class=\"wp-caption\">\n\t\t\t\t\t\t\t\t\t\t<img loading=\"lazy\" decoding=\"async\" width=\"1024\" height=\"685\" src=\"https:\/\/menuiserie-louisjallet.fr\/wp-content\/uploads\/2021\/06\/Volets-roulants-\u00a9ARMEN-1024x685.jpg\" class=\"attachment-large size-large wp-image-2552\" alt=\"Volets roulants \u00a9ARMEN\" srcset=\"https:\/\/menuiserie-louisjallet.fr\/wp-content\/uploads\/2021\/06\/Volets-roulants-\u00a9ARMEN-1024x685.jpg 1024w, https:\/\/menuiserie-louisjallet.fr\/wp-content\/uploads\/2021\/06\/Volets-roulants-\u00a9ARMEN-300x201.jpg 300w, https:\/\/menuiserie-louisjallet.fr\/wp-content\/uploads\/2021\/06\/Volets-roulants-\u00a9ARMEN-768x514.jpg 768w, https:\/\/menuiserie-louisjallet.fr\/wp-content\/uploads\/2021\/06\/Volets-roulants-\u00a9ARMEN.jpg 1187w\" sizes=\"(max-width: 1024px) 100vw, 1024px\" \/>\t\t\t\t\t\t\t\t\t\t\t<figcaption class=\"widget-image-caption wp-caption-text\">Volets roulants \u00a9ARMEN<\/figcaption>\n\t\t\t\t\t\t\t\t\t\t<\/figure>\n\t\t\t\t\t\t\t<\/div>\n\t\t\t\t<\/div>\n\t\t\t\t\t<\/div>\n\t\t<\/div>\n\t\t\t\t<div class=\"elementor-column elementor-col-50 elementor-inner-column elementor-element elementor-element-447d4bc\" data-id=\"447d4bc\" data-element_type=\"column\">\n\t\t\t<div class=\"elementor-widget-wrap elementor-element-populated\">\n\t\t\t\t\t\t<div class=\"elementor-element elementor-element-815b2ba elementor-widget elementor-widget-heading\" data-id=\"815b2ba\" data-element_type=\"widget\" data-widget_type=\"heading.default\">\n\t\t\t\t<div class=\"elementor-widget-container\">\n\t\t\t<h3 class=\"elementor-heading-title elementor-size-default\">Quel est l\u2019int\u00e9r\u00eat des volets ?<\/h3>\t\t<\/div>\n\t\t\t\t<\/div>\n\t\t\t\t<div class=\"elementor-element elementor-element-2509161 elementor-widget elementor-widget-text-editor\" data-id=\"2509161\" data-element_type=\"widget\" data-widget_type=\"text-editor.default\">\n\t\t\t\t<div class=\"elementor-widget-container\">\n\t\t\t\t\t\t\t<p>Si le changement des fen\u00eatres n\u2019est pas souhait\u00e9, il est alors possible d\u2019opter pour une <b>pose de volets devant les ouvertures<\/b>. Il faut savoir que les volets roulants isoleront mieux de la chaleur que les volets battants qui eux, en revanche, sont tr\u00e8s efficaces pour couper le froid. Il existe des <b>volets roulants \u00e9lectriques <\/b>et des <b>volets roulants solaires<\/b>, qui, dans les deux cas, permettent jusqu\u2019\u00e0 27% d\u2019isolation suppl\u00e9mentaire par rapport \u00e0 des volets battants classiques. Ces volets roulants sont compos\u00e9s d\u2019aluminium laqu\u00e9, leur permettant de r\u00e9sister aussi bien aux UV qu\u2019aux intemp\u00e9ries et divisant par 4 les bruits d\u2019impact (pluie, gr\u00eale). En p\u00e9riode estivale, ils arr\u00eatent 95% de la chaleur, et permettent une <b>s\u00e9curit\u00e9 contre l\u2019effraction renforc\u00e9e<\/b>, aspect non n\u00e9gligeable. Enfin, nous pouvons aussi vous proposer d\u2019int\u00e9grer une <b>moustiquaire \u00e0 vos volets roulants<\/b>, pour vous pr\u00e9munir des moustiques !<\/p>\t\t\t\t\t\t<\/div>\n\t\t\t\t<\/div>\n\t\t\t\t\t<\/div>\n\t\t<\/div>\n\t\t\t\t\t<\/div>\n\t\t<\/section>\n\t\t\t\t<section class=\"elementor-section elementor-inner-section elementor-element elementor-element-70694b3 elementor-section-boxed elementor-section-height-default elementor-section-height-default\" data-id=\"70694b3\" data-element_type=\"section\">\n\t\t\t\t\t\t<div class=\"elementor-container elementor-column-gap-default\">\n\t\t\t\t\t<div class=\"elementor-column elementor-col-50 elementor-inner-column elementor-element elementor-element-0ef9153\" data-id=\"0ef9153\" data-element_type=\"column\">\n\t\t\t<div class=\"elementor-widget-wrap elementor-element-populated\">\n\t\t\t\t\t\t<div class=\"elementor-element elementor-element-438e291 elementor-widget elementor-widget-heading\" data-id=\"438e291\" data-element_type=\"widget\" data-widget_type=\"heading.default\">\n\t\t\t\t<div class=\"elementor-widget-container\">\n\t\t\t<h3 class=\"elementor-heading-title elementor-size-default\">Optez pour des brise-soleil orientables<\/h3>\t\t<\/div>\n\t\t\t\t<\/div>\n\t\t\t\t<div class=\"elementor-element elementor-element-5368140 elementor-widget elementor-widget-text-editor\" data-id=\"5368140\" data-element_type=\"widget\" data-widget_type=\"text-editor.default\">\n\t\t\t\t<div class=\"elementor-widget-container\">\n\t\t\t\t\t\t\t<p>Les brise-soleil orientables sont une option id\u00e9ale pour <b>ma\u00eetriser l\u2019exposition de vos pi\u00e8ces<\/b>. Ils vous permettent notamment de r\u00e9guler facilement la temp\u00e9rature, mais aussi d\u2019optimiser les apports solaires dans votre habitation. En ajustant la position et l\u2019orientation de leurs lames (plates, ourl\u00e9es ou \u00ab\u00a0en Z\u00a0\u00bb), vous pouvez conserver la luminosit\u00e9 naturelle, \u00e9viter trop d\u2019\u00e9blouissement et d\u2019ensoleillement, tout en rafra\u00eechissant la pi\u00e8ce. Les brise-soleil orientables apportent \u00e9galement un aspect esth\u00e9tique et contemporain \u00e0 vos fa\u00e7ades.<\/p>\t\t\t\t\t\t<\/div>\n\t\t\t\t<\/div>\n\t\t\t\t\t<\/div>\n\t\t<\/div>\n\t\t\t\t<div class=\"elementor-column elementor-col-50 elementor-inner-column elementor-element elementor-element-1573e85\" data-id=\"1573e85\" data-element_type=\"column\">\n\t\t\t<div class=\"elementor-widget-wrap elementor-element-populated\">\n\t\t\t\t\t\t<div class=\"elementor-element elementor-element-cd1ec8e elementor-widget elementor-widget-image\" data-id=\"cd1ec8e\" data-element_type=\"widget\" data-widget_type=\"image.default\">\n\t\t\t\t<div class=\"elementor-widget-container\">\n\t\t\t\t\t\t\t\t\t\t<figure class=\"wp-caption\">\n\t\t\t\t\t\t\t\t\t\t<img loading=\"lazy\" decoding=\"async\" width=\"300\" height=\"300\" src=\"https:\/\/menuiserie-louisjallet.fr\/wp-content\/uploads\/2021\/06\/Brise-soleil-300x300.jpg\" class=\"attachment-medium size-medium wp-image-2553\" alt=\"Brise-soleil orientables\" srcset=\"https:\/\/menuiserie-louisjallet.fr\/wp-content\/uploads\/2021\/06\/Brise-soleil-300x300.jpg 300w, https:\/\/menuiserie-louisjallet.fr\/wp-content\/uploads\/2021\/06\/Brise-soleil-150x150.jpg 150w, https:\/\/menuiserie-louisjallet.fr\/wp-content\/uploads\/2021\/06\/Brise-soleil.jpg 365w\" sizes=\"(max-width: 300px) 100vw, 300px\" \/>\t\t\t\t\t\t\t\t\t\t\t<figcaption class=\"widget-image-caption wp-caption-text\">Brise-soleil orientables<\/figcaption>\n\t\t\t\t\t\t\t\t\t\t<\/figure>\n\t\t\t\t\t\t\t<\/div>\n\t\t\t\t<\/div>\n\t\t\t\t\t<\/div>\n\t\t<\/div>\n\t\t\t\t\t<\/div>\n\t\t<\/section>\n\t\t\t\t\t<\/div>\n\t\t<\/div>\n\t\t\t\t\t<\/div>\n\t\t<\/section>\n\t\t\t\t<section class=\"elementor-section elementor-top-section elementor-element elementor-element-ea66dce elementor-section-boxed elementor-section-height-default elementor-section-height-default\" data-id=\"ea66dce\" data-element_type=\"section\">\n\t\t\t\t\t\t<div class=\"elementor-container elementor-column-gap-default\">\n\t\t\t\t\t<div class=\"elementor-column elementor-col-100 elementor-top-column elementor-element elementor-element-4db8e70\" data-id=\"4db8e70\" data-element_type=\"column\">\n\t\t\t<div class=\"elementor-widget-wrap elementor-element-populated\">\n\t\t\t\t\t\t<div class=\"elementor-element elementor-element-4807842 elementor-widget elementor-widget-text-editor\" data-id=\"4807842\" data-element_type=\"widget\" data-widget_type=\"text-editor.default\">\n\t\t\t\t<div class=\"elementor-widget-container\">\n\t\t\t\t\t\t\t<p><strong>Vous souhaitez isoler votre habitat, <a href=\"https:\/\/menuiserie-louisjallet.fr\/index.php\/prestations-louis-jallet-menuiseries-exterieures\/\" target=\"_blank\" rel=\"noopener\">r\u00e9nover vos fen\u00eatres ou vos volets<\/a> ? Vous avez des questions ? Contactez-nous ! Nous vous guiderons vers le meilleur choix en fonction de votre habitation.<\/strong><\/p>\t\t\t\t\t\t<\/div>\n\t\t\t\t<\/div>\n\t\t\t\t\t<\/div>\n\t\t<\/div>\n\t\t\t\t\t<\/div>\n\t\t<\/section>\n\t\t\t\t<section class=\"elementor-section elementor-top-section elementor-element elementor-element-814d3cf elementor-section-boxed elementor-section-height-default elementor-section-height-default\" data-id=\"814d3cf\" data-element_type=\"section\">\n\t\t\t\t\t\t<div class=\"elementor-container elementor-column-gap-default\">\n\t\t\t\t\t<div class=\"elementor-column elementor-col-100 elementor-top-column elementor-element elementor-element-de249b2\" data-id=\"de249b2\" data-element_type=\"column\">\n\t\t\t<div class=\"elementor-widget-wrap elementor-element-populated\">\n\t\t\t\t\t\t<div class=\"elementor-element elementor-element-cf40877 elementor-widget elementor-widget-elementskit-button\" data-id=\"cf40877\" data-element_type=\"widget\" data-widget_type=\"elementskit-button.default\">\n\t\t\t\t<div class=\"elementor-widget-container\">\n\t\t\t<div class=\"ekit-wid-con\" >\t\t<div class=\"ekit-btn-wraper\">\n\t\t\t\t\t\t\t<a href=\"https:\/\/menuiserie-louisjallet.fr\/index.php\/contact-etablissements-louis-jallet\/\" class=\"elementskit-btn  whitespace--normal\" id=\"\">\n\t\t\t\t\tNous contacter<i aria-hidden=\"true\" class=\"far fa-envelope\"><\/i>\t\t\t\t<\/a>\n\t\t\t\t\t<\/div>\n        <\/div>\t\t<\/div>\n\t\t\t\t<\/div>\n\t\t\t\t\t<\/div>\n\t\t<\/div>\n\t\t\t\t\t<\/div>\n\t\t<\/section>\n\t\t\t\t<section class=\"elementor-section elementor-top-section elementor-element elementor-element-365c966 elementor-section-boxed elementor-section-height-default elementor-section-height-default\" data-id=\"365c966\" data-element_type=\"section\">\n\t\t\t\t\t\t<div class=\"elementor-container elementor-column-gap-default\">\n\t\t\t\t\t<div class=\"elementor-column elementor-col-100 elementor-top-column elementor-element elementor-element-9418b87\" data-id=\"9418b87\" data-element_type=\"column\">\n\t\t\t<div class=\"elementor-widget-wrap elementor-element-populated\">\n\t\t\t\t\t\t<div class=\"elementor-element elementor-element-cd646aa elementor-widget elementor-widget-spacer\" data-id=\"cd646aa\" data-element_type=\"widget\" data-widget_type=\"spacer.default\">\n\t\t\t\t<div class=\"elementor-widget-container\">\n\t\t\t\t\t<div class=\"elementor-spacer\">\n\t\t\t<div class=\"elementor-spacer-inner\"><\/div>\n\t\t<\/div>\n\t\t\t\t<\/div>\n\t\t\t\t<\/div>\n\t\t\t\t\t<\/div>\n\t\t<\/div>\n\t\t\t\t\t<\/div>\n\t\t<\/section>\n\t\t\t\t<\/div>\n\t\t","protected":false},"excerpt":{"rendered":"<p>\u00c9t\u00e9 comme hiver, il est indispensable de pouvoir compter sur une maison bien isol\u00e9e, afin de maintenir la fra\u00eecheur ou d\u2019\u00e9viter les d\u00e9perditions de chaleur et d\u2019\u00e9nergie. Retrouvez dans cet article nos meilleurs conseils concernant l\u2019isolation thermique de votre habitation, incluant les combles, les fen\u00eatres et les volets ou brise-soleil.<\/p>\n","protected":false},"author":1,"featured_media":2552,"comment_status":"open","ping_status":"open","sticky":false,"template":"elementor_header_footer","format":"standard","meta":{"neve_meta_sidebar":"","neve_meta_container":"","neve_meta_enable_content_width":"","neve_meta_content_width":0,"neve_meta_title_alignment":"","neve_meta_author_avatar":"","neve_post_elements_order":"","neve_meta_disable_header":"","neve_meta_disable_footer":"","neve_meta_disable_title":"","footnotes":""},"categories":[1],"tags":[],"class_list":["post-2523","post","type-post","status-publish","format-standard","has-post-thumbnail","hentry","category-uncategorized"],"yoast_head":"<!-- This site is optimized with the Yoast SEO plugin v22.6 - https:\/\/yoast.com\/wordpress\/plugins\/seo\/ -->\n<title>Une maison bien isol\u00e9e en toutes saisons - Louis Jallet<\/title>\n<meta name=\"description\" content=\"Une maison bien isol\u00e9e en toutes saisons : pour maintenir une temp\u00e9rature id\u00e9ale et \u00e9viter les d\u00e9perditions de chaleur et d\u2019\u00e9nergie.\" \/>\n<meta name=\"robots\" content=\"index, follow, max-snippet:-1, max-image-preview:large, max-video-preview:-1\" \/>\n<link rel=\"canonical\" href=\"https:\/\/menuiserie-louisjallet.fr\/index.php\/2021\/06\/25\/maison-bien-isolee-toutes-saisons\/\" \/>\n<meta property=\"og:locale\" content=\"fr_FR\" \/>\n<meta property=\"og:type\" content=\"article\" \/>\n<meta property=\"og:title\" content=\"Une maison bien isol\u00e9e en toutes saisons - Louis Jallet\" \/>\n<meta property=\"og:description\" content=\"Une maison bien isol\u00e9e en toutes saisons : pour maintenir une temp\u00e9rature id\u00e9ale et \u00e9viter les d\u00e9perditions de chaleur et d\u2019\u00e9nergie.\" \/>\n<meta property=\"og:url\" content=\"https:\/\/menuiserie-louisjallet.fr\/index.php\/2021\/06\/25\/maison-bien-isolee-toutes-saisons\/\" \/>\n<meta property=\"og:site_name\" content=\"\u00c9tablissements Louis Jallet | Charpentes et Menuiseries \u00e0 Nercillac depuis 1938\" \/>\n<meta property=\"article:published_time\" content=\"2021-06-25T12:44:36+00:00\" \/>\n<meta property=\"article:modified_time\" content=\"2021-06-29T18:18:44+00:00\" \/>\n<meta property=\"og:image\" content=\"https:\/\/menuiserie-louisjallet.fr\/wp-content\/uploads\/2021\/06\/Volets-roulants-\u00a9ARMEN.jpg\" \/>\n\t<meta property=\"og:image:width\" content=\"1187\" \/>\n\t<meta property=\"og:image:height\" content=\"794\" \/>\n\t<meta property=\"og:image:type\" content=\"image\/jpeg\" \/>\n<meta name=\"author\" content=\"\u00c9tablissements Louis Jallet\" \/>\n<meta name=\"twitter:card\" content=\"summary_large_image\" \/>\n<meta name=\"twitter:label1\" content=\"\u00c9crit par\" \/>\n\t<meta name=\"twitter:data1\" content=\"\u00c9tablissements Louis Jallet\" \/>\n\t<meta name=\"twitter:label2\" content=\"Dur\u00e9e de lecture estim\u00e9e\" \/>\n\t<meta name=\"twitter:data2\" content=\"6 minutes\" \/>\n<script type=\"application\/ld+json\" class=\"yoast-schema-graph\">{\"@context\":\"https:\/\/schema.org\",\"@graph\":[{\"@type\":\"Article\",\"@id\":\"https:\/\/menuiserie-louisjallet.fr\/index.php\/2021\/06\/25\/maison-bien-isolee-toutes-saisons\/#article\",\"isPartOf\":{\"@id\":\"https:\/\/menuiserie-louisjallet.fr\/index.php\/2021\/06\/25\/maison-bien-isolee-toutes-saisons\/\"},\"author\":{\"name\":\"\u00c9tablissements Louis Jallet\",\"@id\":\"https:\/\/menuiserie-louisjallet.fr\/#\/schema\/person\/e24cb7a5d33134a0cb08ca0c102ad9d8\"},\"headline\":\"Votre maison : bien isol\u00e9e en toutes saisons\",\"datePublished\":\"2021-06-25T12:44:36+00:00\",\"dateModified\":\"2021-06-29T18:18:44+00:00\",\"mainEntityOfPage\":{\"@id\":\"https:\/\/menuiserie-louisjallet.fr\/index.php\/2021\/06\/25\/maison-bien-isolee-toutes-saisons\/\"},\"wordCount\":1245,\"commentCount\":0,\"publisher\":{\"@id\":\"https:\/\/menuiserie-louisjallet.fr\/#organization\"},\"image\":{\"@id\":\"https:\/\/menuiserie-louisjallet.fr\/index.php\/2021\/06\/25\/maison-bien-isolee-toutes-saisons\/#primaryimage\"},\"thumbnailUrl\":\"https:\/\/menuiserie-louisjallet.fr\/wp-content\/uploads\/2021\/06\/Volets-roulants-\u00a9ARMEN.jpg\",\"articleSection\":[\"Uncategorized\"],\"inLanguage\":\"fr-FR\",\"potentialAction\":[{\"@type\":\"CommentAction\",\"name\":\"Comment\",\"target\":[\"https:\/\/menuiserie-louisjallet.fr\/index.php\/2021\/06\/25\/maison-bien-isolee-toutes-saisons\/#respond\"]}]},{\"@type\":\"WebPage\",\"@id\":\"https:\/\/menuiserie-louisjallet.fr\/index.php\/2021\/06\/25\/maison-bien-isolee-toutes-saisons\/\",\"url\":\"https:\/\/menuiserie-louisjallet.fr\/index.php\/2021\/06\/25\/maison-bien-isolee-toutes-saisons\/\",\"name\":\"Une maison bien isol\u00e9e en toutes saisons - Louis Jallet\",\"isPartOf\":{\"@id\":\"https:\/\/menuiserie-louisjallet.fr\/#website\"},\"primaryImageOfPage\":{\"@id\":\"https:\/\/menuiserie-louisjallet.fr\/index.php\/2021\/06\/25\/maison-bien-isolee-toutes-saisons\/#primaryimage\"},\"image\":{\"@id\":\"https:\/\/menuiserie-louisjallet.fr\/index.php\/2021\/06\/25\/maison-bien-isolee-toutes-saisons\/#primaryimage\"},\"thumbnailUrl\":\"https:\/\/menuiserie-louisjallet.fr\/wp-content\/uploads\/2021\/06\/Volets-roulants-\u00a9ARMEN.jpg\",\"datePublished\":\"2021-06-25T12:44:36+00:00\",\"dateModified\":\"2021-06-29T18:18:44+00:00\",\"description\":\"Une maison bien isol\u00e9e en toutes saisons : pour maintenir une temp\u00e9rature id\u00e9ale et \u00e9viter les d\u00e9perditions de chaleur et d\u2019\u00e9nergie.\",\"breadcrumb\":{\"@id\":\"https:\/\/menuiserie-louisjallet.fr\/index.php\/2021\/06\/25\/maison-bien-isolee-toutes-saisons\/#breadcrumb\"},\"inLanguage\":\"fr-FR\",\"potentialAction\":[{\"@type\":\"ReadAction\",\"target\":[\"https:\/\/menuiserie-louisjallet.fr\/index.php\/2021\/06\/25\/maison-bien-isolee-toutes-saisons\/\"]}]},{\"@type\":\"ImageObject\",\"inLanguage\":\"fr-FR\",\"@id\":\"https:\/\/menuiserie-louisjallet.fr\/index.php\/2021\/06\/25\/maison-bien-isolee-toutes-saisons\/#primaryimage\",\"url\":\"https:\/\/menuiserie-louisjallet.fr\/wp-content\/uploads\/2021\/06\/Volets-roulants-\u00a9ARMEN.jpg\",\"contentUrl\":\"https:\/\/menuiserie-louisjallet.fr\/wp-content\/uploads\/2021\/06\/Volets-roulants-\u00a9ARMEN.jpg\",\"width\":1187,\"height\":794,\"caption\":\"Volets roulants \u00a9ARMEN\"},{\"@type\":\"BreadcrumbList\",\"@id\":\"https:\/\/menuiserie-louisjallet.fr\/index.php\/2021\/06\/25\/maison-bien-isolee-toutes-saisons\/#breadcrumb\",\"itemListElement\":[{\"@type\":\"ListItem\",\"position\":1,\"name\":\"Accueil\",\"item\":\"https:\/\/menuiserie-louisjallet.fr\/\"},{\"@type\":\"ListItem\",\"position\":2,\"name\":\"Votre maison : bien isol\u00e9e en toutes saisons\"}]},{\"@type\":\"WebSite\",\"@id\":\"https:\/\/menuiserie-louisjallet.fr\/#website\",\"url\":\"https:\/\/menuiserie-louisjallet.fr\/\",\"name\":\"\u00c9tablissements Louis Jallet | Charpentes et Menuiseries \u00e0 Nercillac depuis 1938\",\"description\":\"\u00c9tablissements Louis Jallet | Charpentes et Menuiseries\",\"publisher\":{\"@id\":\"https:\/\/menuiserie-louisjallet.fr\/#organization\"},\"potentialAction\":[{\"@type\":\"SearchAction\",\"target\":{\"@type\":\"EntryPoint\",\"urlTemplate\":\"https:\/\/menuiserie-louisjallet.fr\/?s={search_term_string}\"},\"query-input\":\"required name=search_term_string\"}],\"inLanguage\":\"fr-FR\"},{\"@type\":\"Organization\",\"@id\":\"https:\/\/menuiserie-louisjallet.fr\/#organization\",\"name\":\"\u00c9tablissements Louis Jallet\",\"url\":\"https:\/\/menuiserie-louisjallet.fr\/\",\"logo\":{\"@type\":\"ImageObject\",\"inLanguage\":\"fr-FR\",\"@id\":\"https:\/\/menuiserie-louisjallet.fr\/#\/schema\/logo\/image\/\",\"url\":\"https:\/\/menuiserie-louisjallet.fr\/wp-content\/uploads\/2021\/06\/Logo-LOUIS-JALLET-carre.png\",\"contentUrl\":\"https:\/\/menuiserie-louisjallet.fr\/wp-content\/uploads\/2021\/06\/Logo-LOUIS-JALLET-carre.png\",\"width\":500,\"height\":500,\"caption\":\"\u00c9tablissements Louis Jallet\"},\"image\":{\"@id\":\"https:\/\/menuiserie-louisjallet.fr\/#\/schema\/logo\/image\/\"}},{\"@type\":\"Person\",\"@id\":\"https:\/\/menuiserie-louisjallet.fr\/#\/schema\/person\/e24cb7a5d33134a0cb08ca0c102ad9d8\",\"name\":\"\u00c9tablissements Louis Jallet\",\"image\":{\"@type\":\"ImageObject\",\"inLanguage\":\"fr-FR\",\"@id\":\"https:\/\/menuiserie-louisjallet.fr\/#\/schema\/person\/image\/\",\"url\":\"https:\/\/secure.gravatar.com\/avatar\/b39e5bb0aba7ab68c8da6a552011def21c7ef3534764f19fad903a2b53b6c675?s=96&d=mm&r=g\",\"contentUrl\":\"https:\/\/secure.gravatar.com\/avatar\/b39e5bb0aba7ab68c8da6a552011def21c7ef3534764f19fad903a2b53b6c675?s=96&d=mm&r=g\",\"caption\":\"\u00c9tablissements Louis Jallet\"},\"sameAs\":[\"http:\/\/menuiserie-louisjallet.fr\"],\"url\":\"https:\/\/menuiserie-louisjallet.fr\/index.php\/author\/juliette-gjlive-fr\/\"}]}<\/script>\n<!-- \/ Yoast SEO plugin. -->","yoast_head_json":{"title":"Une maison bien isol\u00e9e en toutes saisons - Louis Jallet","description":"Une maison bien isol\u00e9e en toutes saisons : pour maintenir une temp\u00e9rature id\u00e9ale et \u00e9viter les d\u00e9perditions de chaleur et d\u2019\u00e9nergie.","robots":{"index":"index","follow":"follow","max-snippet":"max-snippet:-1","max-image-preview":"max-image-preview:large","max-video-preview":"max-video-preview:-1"},"canonical":"https:\/\/menuiserie-louisjallet.fr\/index.php\/2021\/06\/25\/maison-bien-isolee-toutes-saisons\/","og_locale":"fr_FR","og_type":"article","og_title":"Une maison bien isol\u00e9e en toutes saisons - Louis Jallet","og_description":"Une maison bien isol\u00e9e en toutes saisons : pour maintenir une temp\u00e9rature id\u00e9ale et \u00e9viter les d\u00e9perditions de chaleur et d\u2019\u00e9nergie.","og_url":"https:\/\/menuiserie-louisjallet.fr\/index.php\/2021\/06\/25\/maison-bien-isolee-toutes-saisons\/","og_site_name":"\u00c9tablissements Louis Jallet | Charpentes et Menuiseries \u00e0 Nercillac depuis 1938","article_published_time":"2021-06-25T12:44:36+00:00","article_modified_time":"2021-06-29T18:18:44+00:00","og_image":[{"width":1187,"height":794,"url":"https:\/\/menuiserie-louisjallet.fr\/wp-content\/uploads\/2021\/06\/Volets-roulants-\u00a9ARMEN.jpg","type":"image\/jpeg"}],"author":"\u00c9tablissements Louis Jallet","twitter_card":"summary_large_image","twitter_misc":{"\u00c9crit par":"\u00c9tablissements Louis Jallet","Dur\u00e9e de lecture estim\u00e9e":"6 minutes"},"schema":{"@context":"https:\/\/schema.org","@graph":[{"@type":"Article","@id":"https:\/\/menuiserie-louisjallet.fr\/index.php\/2021\/06\/25\/maison-bien-isolee-toutes-saisons\/#article","isPartOf":{"@id":"https:\/\/menuiserie-louisjallet.fr\/index.php\/2021\/06\/25\/maison-bien-isolee-toutes-saisons\/"},"author":{"name":"\u00c9tablissements Louis Jallet","@id":"https:\/\/menuiserie-louisjallet.fr\/#\/schema\/person\/e24cb7a5d33134a0cb08ca0c102ad9d8"},"headline":"Votre maison : bien isol\u00e9e en toutes saisons","datePublished":"2021-06-25T12:44:36+00:00","dateModified":"2021-06-29T18:18:44+00:00","mainEntityOfPage":{"@id":"https:\/\/menuiserie-louisjallet.fr\/index.php\/2021\/06\/25\/maison-bien-isolee-toutes-saisons\/"},"wordCount":1245,"commentCount":0,"publisher":{"@id":"https:\/\/menuiserie-louisjallet.fr\/#organization"},"image":{"@id":"https:\/\/menuiserie-louisjallet.fr\/index.php\/2021\/06\/25\/maison-bien-isolee-toutes-saisons\/#primaryimage"},"thumbnailUrl":"https:\/\/menuiserie-louisjallet.fr\/wp-content\/uploads\/2021\/06\/Volets-roulants-\u00a9ARMEN.jpg","articleSection":["Uncategorized"],"inLanguage":"fr-FR","potentialAction":[{"@type":"CommentAction","name":"Comment","target":["https:\/\/menuiserie-louisjallet.fr\/index.php\/2021\/06\/25\/maison-bien-isolee-toutes-saisons\/#respond"]}]},{"@type":"WebPage","@id":"https:\/\/menuiserie-louisjallet.fr\/index.php\/2021\/06\/25\/maison-bien-isolee-toutes-saisons\/","url":"https:\/\/menuiserie-louisjallet.fr\/index.php\/2021\/06\/25\/maison-bien-isolee-toutes-saisons\/","name":"Une maison bien isol\u00e9e en toutes saisons - Louis Jallet","isPartOf":{"@id":"https:\/\/menuiserie-louisjallet.fr\/#website"},"primaryImageOfPage":{"@id":"https:\/\/menuiserie-louisjallet.fr\/index.php\/2021\/06\/25\/maison-bien-isolee-toutes-saisons\/#primaryimage"},"image":{"@id":"https:\/\/menuiserie-louisjallet.fr\/index.php\/2021\/06\/25\/maison-bien-isolee-toutes-saisons\/#primaryimage"},"thumbnailUrl":"https:\/\/menuiserie-louisjallet.fr\/wp-content\/uploads\/2021\/06\/Volets-roulants-\u00a9ARMEN.jpg","datePublished":"2021-06-25T12:44:36+00:00","dateModified":"2021-06-29T18:18:44+00:00","description":"Une maison bien isol\u00e9e en toutes saisons : pour maintenir une temp\u00e9rature id\u00e9ale et \u00e9viter les d\u00e9perditions de chaleur et d\u2019\u00e9nergie.","breadcrumb":{"@id":"https:\/\/menuiserie-louisjallet.fr\/index.php\/2021\/06\/25\/maison-bien-isolee-toutes-saisons\/#breadcrumb"},"inLanguage":"fr-FR","potentialAction":[{"@type":"ReadAction","target":["https:\/\/menuiserie-louisjallet.fr\/index.php\/2021\/06\/25\/maison-bien-isolee-toutes-saisons\/"]}]},{"@type":"ImageObject","inLanguage":"fr-FR","@id":"https:\/\/menuiserie-louisjallet.fr\/index.php\/2021\/06\/25\/maison-bien-isolee-toutes-saisons\/#primaryimage","url":"https:\/\/menuiserie-louisjallet.fr\/wp-content\/uploads\/2021\/06\/Volets-roulants-\u00a9ARMEN.jpg","contentUrl":"https:\/\/menuiserie-louisjallet.fr\/wp-content\/uploads\/2021\/06\/Volets-roulants-\u00a9ARMEN.jpg","width":1187,"height":794,"caption":"Volets roulants \u00a9ARMEN"},{"@type":"BreadcrumbList","@id":"https:\/\/menuiserie-louisjallet.fr\/index.php\/2021\/06\/25\/maison-bien-isolee-toutes-saisons\/#breadcrumb","itemListElement":[{"@type":"ListItem","position":1,"name":"Accueil","item":"https:\/\/menuiserie-louisjallet.fr\/"},{"@type":"ListItem","position":2,"name":"Votre maison : bien isol\u00e9e en toutes saisons"}]},{"@type":"WebSite","@id":"https:\/\/menuiserie-louisjallet.fr\/#website","url":"https:\/\/menuiserie-louisjallet.fr\/","name":"\u00c9tablissements Louis Jallet | Charpentes et Menuiseries \u00e0 Nercillac depuis 1938","description":"\u00c9tablissements Louis Jallet | Charpentes et Menuiseries","publisher":{"@id":"https:\/\/menuiserie-louisjallet.fr\/#organization"},"potentialAction":[{"@type":"SearchAction","target":{"@type":"EntryPoint","urlTemplate":"https:\/\/menuiserie-louisjallet.fr\/?s={search_term_string}"},"query-input":"required name=search_term_string"}],"inLanguage":"fr-FR"},{"@type":"Organization","@id":"https:\/\/menuiserie-louisjallet.fr\/#organization","name":"\u00c9tablissements Louis Jallet","url":"https:\/\/menuiserie-louisjallet.fr\/","logo":{"@type":"ImageObject","inLanguage":"fr-FR","@id":"https:\/\/menuiserie-louisjallet.fr\/#\/schema\/logo\/image\/","url":"https:\/\/menuiserie-louisjallet.fr\/wp-content\/uploads\/2021\/06\/Logo-LOUIS-JALLET-carre.png","contentUrl":"https:\/\/menuiserie-louisjallet.fr\/wp-content\/uploads\/2021\/06\/Logo-LOUIS-JALLET-carre.png","width":500,"height":500,"caption":"\u00c9tablissements Louis Jallet"},"image":{"@id":"https:\/\/menuiserie-louisjallet.fr\/#\/schema\/logo\/image\/"}},{"@type":"Person","@id":"https:\/\/menuiserie-louisjallet.fr\/#\/schema\/person\/e24cb7a5d33134a0cb08ca0c102ad9d8","name":"\u00c9tablissements Louis Jallet","image":{"@type":"ImageObject","inLanguage":"fr-FR","@id":"https:\/\/menuiserie-louisjallet.fr\/#\/schema\/person\/image\/","url":"https:\/\/secure.gravatar.com\/avatar\/b39e5bb0aba7ab68c8da6a552011def21c7ef3534764f19fad903a2b53b6c675?s=96&d=mm&r=g","contentUrl":"https:\/\/secure.gravatar.com\/avatar\/b39e5bb0aba7ab68c8da6a552011def21c7ef3534764f19fad903a2b53b6c675?s=96&d=mm&r=g","caption":"\u00c9tablissements Louis Jallet"},"sameAs":["http:\/\/menuiserie-louisjallet.fr"],"url":"https:\/\/menuiserie-louisjallet.fr\/index.php\/author\/juliette-gjlive-fr\/"}]}},"_links":{"self":[{"href":"https:\/\/menuiserie-louisjallet.fr\/index.php\/wp-json\/wp\/v2\/posts\/2523","targetHints":{"allow":["GET"]}}],"collection":[{"href":"https:\/\/menuiserie-louisjallet.fr\/index.php\/wp-json\/wp\/v2\/posts"}],"about":[{"href":"https:\/\/menuiserie-louisjallet.fr\/index.php\/wp-json\/wp\/v2\/types\/post"}],"author":[{"embeddable":true,"href":"https:\/\/menuiserie-louisjallet.fr\/index.php\/wp-json\/wp\/v2\/users\/1"}],"replies":[{"embeddable":true,"href":"https:\/\/menuiserie-louisjallet.fr\/index.php\/wp-json\/wp\/v2\/comments?post=2523"}],"version-history":[{"count":41,"href":"https:\/\/menuiserie-louisjallet.fr\/index.php\/wp-json\/wp\/v2\/posts\/2523\/revisions"}],"predecessor-version":[{"id":3507,"href":"https:\/\/menuiserie-louisjallet.fr\/index.php\/wp-json\/wp\/v2\/posts\/2523\/revisions\/3507"}],"wp:featuredmedia":[{"embeddable":true,"href":"https:\/\/menuiserie-louisjallet.fr\/index.php\/wp-json\/wp\/v2\/media\/2552"}],"wp:attachment":[{"href":"https:\/\/menuiserie-louisjallet.fr\/index.php\/wp-json\/wp\/v2\/media?parent=2523"}],"wp:term":[{"taxonomy":"category","embeddable":true,"href":"https:\/\/menuiserie-louisjallet.fr\/index.php\/wp-json\/wp\/v2\/categories?post=2523"},{"taxonomy":"post_tag","embeddable":true,"href":"https:\/\/menuiserie-louisjallet.fr\/index.php\/wp-json\/wp\/v2\/tags?post=2523"}],"curies":[{"name":"wp","href":"https:\/\/api.w.org\/{rel}","templated":true}]}}